{"id":38418,"date":"2022-03-06T08:35:00","date_gmt":"2022-03-06T14:35:00","guid":{"rendered":"http:\/\/www.zonaroja.com.mx\/?p=38418"},"modified":"2022-03-05T20:39:18","modified_gmt":"2022-03-06T02:39:18","slug":"continua-en-revision-queja-de-susana-harp-en-sala-superior-del-tepjf","status":"publish","type":"post","link":"https:\/\/zonaroja.com.mx\/?p=38418","title":{"rendered":"Contin\u00faa en revisi\u00f3n queja de Susana Harp en Sala Superior del TEPJF"},"content":{"rendered":"\n<p>Redacci\u00f3n\/Zona Roja.<\/p>\n\n\n\n<p>Oaxaca de Ju\u00e1rez, 6 de marzo del 2022.- \u201cNuestra impugnaci\u00f3n ha llegado a la Sala Superior (del Tribunal Electoral del Poder judicial de la Federaci\u00f3n), que es un espacio de apertura a la igualdad sustantiva y a la verdadera paridad de g\u00e9nero\u201d, inform\u00f3 la aspirante a la gubernatura de Oaxaca, Susana Harp Iturribarr\u00eda.<\/p>\n\n\n\n<p>La senadora oaxaque\u00f1a mantiene en dicha instancia de la justicia electoral la impugnaci\u00f3n basada en derecho, sobre la designaci\u00f3n que Morena realiz\u00f3 en el proceso interno para definir la candidatura a la gubernatura del estado.<\/p>\n\n\n\n<p>En su mensaje por las redes sociales, agradeci\u00f3 a quienes han manifestado genuino inter\u00e9s por el avance de su proceso legal, que busca hacer efectiva la igualdad sustantiva en Oaxaca y la aplicaci\u00f3n de los criterios de alternancia de g\u00e9nero y competitividad en la designaci\u00f3n de la candidatura a la gubernatura del estado: \u201cEstamos en la recta final de nuestro proceso, seguimos en el camino de la legalidad, trabajando por un proyecto de gobernanza y dignidad para Oaxaca\u201d, se\u00f1al\u00f3.<\/p>\n\n\n\n<p>La impugnaci\u00f3n realizada por la legisladora oaxaque\u00f1a se\u00f1ala violaci\u00f3n a lo mandatado por la Constituci\u00f3n, en materia de igualdad sustantiva y paridad de g\u00e9nero dentro del proceso interno de morena para definir a quien tendr\u00e1 la candidatura a la gubernatura de Oaxaca.<\/p>\n\n\n\n<p>\u201cLo he dicho siempre, esta no es una lucha por una persona, es una lucha por los derechos de las mujeres en Oaxaca, seguimos y seguimos bien, porque la legalidad nos asiste\u201d, expres\u00f3.<\/p>\n\n\n\n<figure class=\"wp-block-embed is-type-rich is-provider-twitter wp-block-embed-twitter\"><div class=\"wp-block-embed__wrapper\">\n<div class=\"twitter-tweet\"><blockquote class=\"twitter-tweet\" data-lang=\"es\"><p lang=\"es\" dir=\"ltr\">Seguimos por la ruta de la legalidad. Nuestra lucha es justa y llegaremos a buen puerto. <a href=\"https:\/\/t.co\/7rXHhOlhgy\">pic.twitter.com\/7rXHhOlhgy<\/a><\/p>&mdash; Susana Harp Iturribarr\u00eda (@SusanaHarp) <a href=\"https:\/\/twitter.com\/SusanaHarp\/status\/1500290317014093824?ref_src=twsrc%5Etfw\">6 de marzo de 2022<\/a><\/blockquote><\/div>\n<\/div><\/figure>\n","protected":false},"excerpt":{"rendered":"<p>Redacci\u00f3n\/Zona Roja. Oaxaca de Ju\u00e1rez, 6 de marzo del 2022.- \u201cNuestra impugnaci\u00f3n ha llegado a&hellip;<\/p>\n","protected":false},"author":2,"featured_media":38043,"comment_status":"closed","ping_status":"open","sticky":false,"template":"","format":"standard","meta":{"_lmt_disableupdate":"","_lmt_disable":"","_jetpack_memberships_contains_paid_content":false,"footnotes":""},"categories":[109,46],"tags":[1685],"class_list":["post-38418","post","type-post","status-publish","format-standard","has-post-thumbnail","hentry","category-minuto-a-minuto","category-zona-blanca","tag-susana-harp-iturribarria"],"jetpack_featured_media_url":"https:\/\/zonaroja.com.mx\/wp-content\/uploads\/2022\/02\/Susana-Harp-I.jpg","jetpack_sharing_enabled":true,"_links":{"self":[{"href":"https:\/\/zonaroja.com.mx\/index.php?rest_route=\/wp\/v2\/posts\/38418","targetHints":{"allow":["GET"]}}],"collection":[{"href":"https:\/\/zonaroja.com.mx\/index.php?rest_route=\/wp\/v2\/posts"}],"about":[{"href":"https:\/\/zonaroja.com.mx\/index.php?rest_route=\/wp\/v2\/types\/post"}],"author":[{"embeddable":true,"href":"https:\/\/zonaroja.com.mx\/index.php?rest_route=\/wp\/v2\/users\/2"}],"replies":[{"embeddable":true,"href":"https:\/\/zonaroja.com.mx\/index.php?rest_route=%2Fwp%2Fv2%2Fcomments&post=38418"}],"version-history":[{"count":2,"href":"https:\/\/zonaroja.com.mx\/index.php?rest_route=\/wp\/v2\/posts\/38418\/revisions"}],"predecessor-version":[{"id":38421,"href":"https:\/\/zonaroja.com.mx\/index.php?rest_route=\/wp\/v2\/posts\/38418\/revisions\/38421"}],"wp:featuredmedia":[{"embeddable":true,"href":"https:\/\/zonaroja.com.mx\/index.php?rest_route=\/wp\/v2\/media\/38043"}],"wp:attachment":[{"href":"https:\/\/zonaroja.com.mx\/index.php?rest_route=%2Fwp%2Fv2%2Fmedia&parent=38418"}],"wp:term":[{"taxonomy":"category","embeddable":true,"href":"https:\/\/zonaroja.com.mx\/index.php?rest_route=%2Fwp%2Fv2%2Fcategories&post=38418"},{"taxonomy":"post_tag","embeddable":true,"href":"https:\/\/zonaroja.com.mx\/index.php?rest_route=%2Fwp%2Fv2%2Ftags&post=38418"}],"curies":[{"name":"wp","href":"https:\/\/api.w.org\/{rel}","templated":true}]}}