{"id":38424,"date":"2022-03-05T21:13:25","date_gmt":"2022-03-06T03:13:25","guid":{"rendered":"http:\/\/www.zonaroja.com.mx\/?p=38424"},"modified":"2022-03-05T21:13:26","modified_gmt":"2022-03-06T03:13:26","slug":"con-cancion-sin-miedo-mujeres-del-viento-florido-y-vivir-quintana-exigen-alto-a-violencia","status":"publish","type":"post","link":"https:\/\/zonaroja.com.mx\/?p=38424","title":{"rendered":"Con \u201cCanci\u00f3n sin miedo\u201d, \u201cMujeres del Viento Florido\u201d y Vivir Quintana exigen alto a violencia"},"content":{"rendered":"\n<p>Redacci\u00f3n\/Agencia CIMAC<\/p>\n\n\n\n<p>Oaxaca de Ju\u00e1rez, Oax., 5 de marzo de 2022.- Con arreglos en banda tradicional, letra en Mixe y nombres que dan rostro a las v\u00edctimas de feminicidio en Oaxaca, la Banda Femenil Regional \u201cMujeres del Viento Florido\u201d y la cantautora Vivir Quintana, a trav\u00e9s de \u201cCanci\u00f3n sin miedo\u201d, exigieron un alto a la violencia feminicida en el estado.<\/p>\n\n\n\n<p>\u201cEn la lengua ayuuk la letra es mucho m\u00e1s profunda porque no es una traducci\u00f3n literal como la forma de vida que diariamente se lleva en las comunidades. Esta letra ha sido bien recibida y nos dicen: esta canci\u00f3n me llega, la entiendo.&nbsp;<\/p>\n\n\n\n<p>\u201cEso era lo que quer\u00edamos nosotras en un inicio cuando dijimos que no todas las personas tienen como lengua materna el espa\u00f1ol, entonces muchas de las se\u00f1oras de edad avanzada no entend\u00edan la letra en espa\u00f1ol y su significado, ahora escucharlo en lengua tiene un sentido totalmente diferente\u201d, expres\u00f3 la maestra Leticia Gallardo, directora de la banda tradicional.&nbsp;<\/p>\n\n\n\n<p>La melod\u00eda convertida en un himno de la lucha feminista en el pa\u00eds fue lanzada este 1 de marzo, al igual que el video grabado a finales de diciembre en Santa Mar\u00eda Tlahuitoltepec Mixe, Oaxaca.<\/p>\n\n\n\n<p>Tal como en su versi\u00f3n original, la letra habla de la lucha de las mujeres en M\u00e9xico por exigir justicia, encontrar a sus desaparecidas y la manera en que resisten a la violencia, pero acorde a la cosmovisi\u00f3n y sentir de las mujeres ayuuk, aterriza al contexto ind\u00edgena.<\/p>\n\n\n\n<p>En la primera parte -explic\u00f3- habla de las madres, las hermanas, las personas que buscan a sus familiares, quienes han sido lastimados, quienes han sufrido el dolor, quienes les han arrebatado lo m\u00e1s valioso que tienen que es la vida, despu\u00e9s mencionan a las v\u00edctimas de feminicidio en Oaxaca como Fany, Camelia, Carina, Yolanda, Fidelia.<\/p>\n\n\n\n<p>Algunos son nombres recientes que se encuentran en una estad\u00edstica m\u00e1s, apunt\u00f3. \u201cS\u00e9 que en una canci\u00f3n no podemos hacer mucho, pero por lo menos decimos que nos gustar\u00eda que todas las mujeres encontraran la paz y estabilidad emocional, tambi\u00e9n que todos encontraran la paz y la armon\u00eda que se merece cada uno\u201d, expuso.<\/p>\n\n\n\n<figure class=\"wp-block-embed is-type-rich is-provider-twitter wp-block-embed-twitter\"><div class=\"wp-block-embed__wrapper\">\n<div class=\"twitter-tweet\"><blockquote class=\"twitter-tweet\" data-lang=\"es\"><p lang=\"es\" dir=\"ltr\">\u00a1Extraordinario! Esta es la versi\u00f3n en Mixe de \u201cCanci\u00f3n sin miedo\u201d, de Vivir Quintana, grabada en Santa Mar\u00eda <a href=\"https:\/\/twitter.com\/hashtag\/Tlahuitoltepec?src=hash&amp;ref_src=twsrc%5Etfw\">#Tlahuitoltepec<\/a>, <a href=\"https:\/\/twitter.com\/hashtag\/Oaxaca?src=hash&amp;ref_src=twsrc%5Etfw\">#Oaxaca<\/a>, con el acompa\u00f1amiento de la banda \u201cMujeres del viento florido\u201d, himno feminista para luchar en contra de la violencia. <a href=\"https:\/\/t.co\/1uZEEdG0pr\">pic.twitter.com\/1uZEEdG0pr<\/a><\/p>&mdash; Zona Roja Oaxaca (@ZonaRoja_Oaxaca) <a href=\"https:\/\/twitter.com\/ZonaRoja_Oaxaca\/status\/1500188859983970321?ref_src=twsrc%5Etfw\">5 de marzo de 2022<\/a><\/blockquote><\/div>\n<\/div><\/figure>\n\n\n\n<p>La maestra Leticia Gallardo destac\u00f3 que m\u00e1s all\u00e1 del trabajo musical que se realiz\u00f3, esta acci\u00f3n suma, a trav\u00e9s de la m\u00fasica a la exigencia de una vida en mejores condiciones y justicia para las que ya no est\u00e1n.<\/p>\n\n\n\n<p>\u201cEsta canci\u00f3n desde que la conocimos nos produce mucha tristeza, reconocer que estamos perdiendo valores como seres humanos y el respeto para con las dem\u00e1s personas. En nuestra cultura una vida es sagrada. Cuando hacemos nuestros rituales se pide permiso para poder sacrificar a un ave o lo que tengamos que ofrendar porque es muy valiosa, si utilizamos un recurso vivo como los recursos naturales, se tiene que hacer todo un ritual para pedir permiso.&nbsp;<\/p>\n\n\n\n<p>\u201cHoy en d\u00eda se ha perdido todo esto y se est\u00e1 volviendo tan normal escuchar que mataron a una mujer de una o de otra comunidad. Estamos perdiendo sensibilidad como seres humanos\u201d.<\/p>\n\n\n\n<p>La violencia contra ni\u00f1as y mujeres en la entidad se ha ido recrudeciendo. Tan s\u00f3lo en enero de este a\u00f1o, de acuerdo con cifras oficiales, despu\u00e9s del Estado de M\u00e9xico, Ciudad de M\u00e9xico; Veracruz y Oaxaca encabezan los estados con mayor cantidad de carpetas de investigaci\u00f3n iniciadas en 2022 por feminicidio. S\u00f3lo estas cuatro entidades concentran 42.6 por ciento de las 75 muertes violentas que las autoridades consideran como feminicidio.<\/p>\n\n\n\n<p>Las cifras de Incidencia Delictiva del Fuero Com\u00fan publicadas el pasado 20 de febrero con corte al 31 de enero de 2022 del Secretariado Ejecutivo del Sistema Nacional de Seguridad P\u00fablica (SESNSP), revelan que el delito prevalece en el pa\u00eds en la misma magnitud si se comparan con las cifras de enero del a\u00f1o pasado cuando se documentaron 76 carpetas.<\/p>\n\n\n\n<p>Sin embargo, para el estado de Oaxaca hubo un incremento considerable, pues mientras que en 2021 el registro fue de dos casos, en este 2022 fueron seis, la segunda cifra m\u00e1s alta de los \u00faltimos 13 meses.<\/p>\n\n\n\n<p>(Texto de Citlalli L\u00f3pez)<\/p>\n","protected":false},"excerpt":{"rendered":"<p>Redacci\u00f3n\/Agencia CIMAC Oaxaca de Ju\u00e1rez, Oax., 5 de marzo de 2022.- Con arreglos en banda&hellip;<\/p>\n","protected":false},"author":2,"featured_media":38425,"comment_status":"closed","ping_status":"open","sticky":false,"template":"","format":"standard","meta":{"_lmt_disableupdate":"","_lmt_disable":"","_jetpack_memberships_contains_paid_content":false,"footnotes":""},"categories":[109,47],"tags":[3060],"class_list":["post-38424","post","type-post","status-publish","format-standard","has-post-thumbnail","hentry","category-minuto-a-minuto","category-zona-gris","tag-vivir-quintana"],"jetpack_featured_media_url":"https:\/\/zonaroja.com.mx\/wp-content\/uploads\/2022\/03\/Cancion-del-miedo-Vivir-Quintana.jpeg","jetpack_sharing_enabled":true,"_links":{"self":[{"href":"https:\/\/zonaroja.com.mx\/index.php?rest_route=\/wp\/v2\/posts\/38424","targetHints":{"allow":["GET"]}}],"collection":[{"href":"https:\/\/zonaroja.com.mx\/index.php?rest_route=\/wp\/v2\/posts"}],"about":[{"href":"https:\/\/zonaroja.com.mx\/index.php?rest_route=\/wp\/v2\/types\/post"}],"author":[{"embeddable":true,"href":"https:\/\/zonaroja.com.mx\/index.php?rest_route=\/wp\/v2\/users\/2"}],"replies":[{"embeddable":true,"href":"https:\/\/zonaroja.com.mx\/index.php?rest_route=%2Fwp%2Fv2%2Fcomments&post=38424"}],"version-history":[{"count":1,"href":"https:\/\/zonaroja.com.mx\/index.php?rest_route=\/wp\/v2\/posts\/38424\/revisions"}],"predecessor-version":[{"id":38426,"href":"https:\/\/zonaroja.com.mx\/index.php?rest_route=\/wp\/v2\/posts\/38424\/revisions\/38426"}],"wp:featuredmedia":[{"embeddable":true,"href":"https:\/\/zonaroja.com.mx\/index.php?rest_route=\/wp\/v2\/media\/38425"}],"wp:attachment":[{"href":"https:\/\/zonaroja.com.mx\/index.php?rest_route=%2Fwp%2Fv2%2Fmedia&parent=38424"}],"wp:term":[{"taxonomy":"category","embeddable":true,"href":"https:\/\/zonaroja.com.mx\/index.php?rest_route=%2Fwp%2Fv2%2Fcategories&post=38424"},{"taxonomy":"post_tag","embeddable":true,"href":"https:\/\/zonaroja.com.mx\/index.php?rest_route=%2Fwp%2Fv2%2Ftags&post=38424"}],"curies":[{"name":"wp","href":"https:\/\/api.w.org\/{rel}","templated":true}]}}