{"id":38427,"date":"2022-03-05T22:22:15","date_gmt":"2022-03-06T04:22:15","guid":{"rendered":"http:\/\/www.zonaroja.com.mx\/?p=38427"},"modified":"2022-03-05T22:22:17","modified_gmt":"2022-03-06T04:22:17","slug":"registro-de-jara-ante-el-ieepco-entre-dudas-divisiones-y-criticas-a-periosdistas","status":"publish","type":"post","link":"https:\/\/zonaroja.com.mx\/?p=38427","title":{"rendered":"Registro de Jara ante el IEEPCO, entre dudas, divisiones y cr\u00edticas a periosdistas"},"content":{"rendered":"\n<p>Ismael Garc\u00eda M.\/Zona Roja.<\/p>\n\n\n\n<p>Oaxaca de Ju\u00e1rez, Oax., 5 de marzo de 202.- Lo que se preve\u00eda una fiesta para Salom\u00f3n Jara Cruz con cientos de acarreados desde distintas regiones de Oaxaca, se convirti\u00f3 en cr\u00edticas a la prensa\u2026 por parte del dirigente nacional de Morena, Mario Delgado.<\/p>\n\n\n\n<p>La cita fue a las 15:00 horas en la fuente de las Ocho Regiones de la capital oaxaque\u00f1a, donde se concentraron cientos de personas, provenientes de diversos municipios y cuyo traslado costearon los ediles afines al senador con licencia.<\/p>\n\n\n\n<p>A esa misma hora fue citada una conferencia de prensa en el hotel \u201cMisi\u00f3n de los \u00c1ngeles\u201d por parte de Morena, con la presencia de Mario Delgado y Salom\u00f3n Jara, para hablar del proceso y desestimar las quejas de Susana Harp, que contin\u00faan en la Sala Superior del Tribunal Electoral del Poder Judicial de la Federaci\u00f3n.<\/p>\n\n\n\n<p>Pretendiendo emular el discurso de ataque a la prensa, que cotidianamente hace el Presidente Andr\u00e9s Manuel L\u00f3pez Obrador, el presidente de Morena solt\u00f3:<\/p>\n\n\n\n<figure class=\"wp-block-embed is-type-rich is-provider-twitter wp-block-embed-twitter\"><div class=\"wp-block-embed__wrapper\">\n<div class=\"twitter-tweet\"><blockquote class=\"twitter-tweet\" data-lang=\"es\"><p lang=\"es\" dir=\"ltr\"><a href=\"https:\/\/twitter.com\/hashtag\/%C3%9AltimoMinuto?src=hash&amp;ref_src=twsrc%5Etfw\">#\u00daltimoMinuto<\/a> <br>Periodistas de <a href=\"https:\/\/twitter.com\/hashtag\/Oaxaca?src=hash&amp;ref_src=twsrc%5Etfw\">#Oaxaca<\/a> abuchean y reclaman al dirigente nacional de <a href=\"https:\/\/twitter.com\/PartidoMorenaMx?ref_src=twsrc%5Etfw\">@PartidoMorenaMx<\/a>, <a href=\"https:\/\/twitter.com\/mario_delgado?ref_src=twsrc%5Etfw\">@mario_delgado<\/a>, por referirse a la prensa como \u201cmercenarios de los medios de comunicaci\u00f3n\u201d.<a href=\"https:\/\/twitter.com\/julioastillero?ref_src=twsrc%5Etfw\">@julioastillero<\/a> <a href=\"https:\/\/twitter.com\/AristeguiOnline?ref_src=twsrc%5Etfw\">@AristeguiOnline<\/a> <a href=\"https:\/\/twitter.com\/lopezdoriga?ref_src=twsrc%5Etfw\">@lopezdoriga<\/a> <a href=\"https:\/\/twitter.com\/sdpnoticias?ref_src=twsrc%5Etfw\">@sdpnoticias<\/a> <a href=\"https:\/\/twitter.com\/Reforma?ref_src=twsrc%5Etfw\">@Reforma<\/a> <a href=\"https:\/\/twitter.com\/ELPINERO?ref_src=twsrc%5Etfw\">@ELPINERO<\/a> <a href=\"https:\/\/t.co\/MDsCh3n1Qp\">pic.twitter.com\/MDsCh3n1Qp<\/a><\/p>&mdash; Zona Roja Oaxaca (@ZonaRoja_Oaxaca) <a href=\"https:\/\/twitter.com\/ZonaRoja_Oaxaca\/status\/1500241169942552577?ref_src=twsrc%5Etfw\">5 de marzo de 2022<\/a><\/blockquote><\/div>\n<\/div><\/figure>\n\n\n\n<p>\u201cNo es casualidad que ahora se lancen con todo algunos mercenarios de los medios de comunicaci\u00f3n que se hacen llamar periodistas, Pero no son periodistas, no est\u00e1n ejerciendo la libertad de expresi\u00f3n\u201d.<\/p>\n\n\n\n<p>Pero no terminaba la frase, cuando vinieron los reclamos y las rechiflas de la prensa oaxaque\u00f1a.<\/p>\n\n\n\n<p>\u2014No, ustedes saben de qui\u00e9n hablo\u2026 intento justificar Delgado.<\/p>\n\n\n\n<p>\u2014\u00a1Fuera, fuera, fuera! \u2014fue la respuesta de los comunicadores, que abarrotaron el \u00e1rea de la conferencia de prensa.<\/p>\n\n\n\n<p>\u2014Saben de qui\u00e9n hablo\u2026 de Loret de Mola.-<\/p>\n\n\n\n<p>\u2014\u00a1Fuera, fuera! \u00a1No m\u00e1s ataques a la prensa!<\/p>\n\n\n\n<p>\u2014Esp\u00e9rense, yo reconozco, a ustedes los reconozco por hacer un ejercicio libre\u2026 pero hay algunos que se hacen pasar por periodistas, \u2014insisti\u00f3 el dirigente de Morena.<\/p>\n\n\n\n<p>-\u00a1Fuera, fuera, fuera! \u00a1M\u00e1s respeto! \u00a1A lo que viniste!&nbsp;<\/p>\n\n\n\n<p>\u2014Respeto para ustedes, para todos los medios de Oaxaca.<\/p>\n\n\n\n<p>\u2014\u00a1Vete a la ma\u00f1anera!<\/p>\n\n\n\n<figure class=\"wp-block-embed is-type-rich is-provider-twitter wp-block-embed-twitter\"><div class=\"wp-block-embed__wrapper\">\n<div class=\"twitter-tweet\"><blockquote class=\"twitter-tweet\" data-lang=\"es\"><p lang=\"es\" dir=\"ltr\"><a href=\"https:\/\/twitter.com\/hashtag\/%C3%9AltimoMinuto?src=hash&amp;ref_src=twsrc%5Etfw\">#\u00daltimoMinuto<\/a> <br>Tras la entrega de documentos para su registro como candidato a la gobernatura de <a href=\"https:\/\/twitter.com\/hashtag\/Oaxaca?src=hash&amp;ref_src=twsrc%5Etfw\">#Oaxaca<\/a>, Salom\u00f3n Jara Cruz (<a href=\"https:\/\/twitter.com\/salomonj?ref_src=twsrc%5Etfw\">@salomonj<\/a>) encabez\u00f3 un mitin en el exterior de la sede del <a href=\"https:\/\/twitter.com\/IEEPCO?ref_src=twsrc%5Etfw\">@IEEPCO<\/a>.<br>Escuche parte de su mensaje: <a href=\"https:\/\/t.co\/w93TRbGu3Z\">pic.twitter.com\/w93TRbGu3Z<\/a><\/p>&mdash; Zona Roja Oaxaca (@ZonaRoja_Oaxaca) <a href=\"https:\/\/twitter.com\/ZonaRoja_Oaxaca\/status\/1500279120315707392?ref_src=twsrc%5Etfw\">6 de marzo de 2022<\/a><\/blockquote><\/div>\n<\/div><\/figure>\n\n\n\n<p>EL ACARREO<\/p>\n\n\n\n<p>Entre reclamos termin\u00f3 la conferencia, tras lo cual los morenistas y sus aliados salieron del sal\u00f3n para trasladarse a la fuente de las Ocho Regiones, donde, sin miedo al Covid-19, iniciaron una multitudinaria marcha a la sede del IEEPCO, en la calle Gardenias de la colonia Reforma.<\/p>\n\n\n\n<p>En el interior s\u00f3lo entraron unas cuantas personas, incluyendo Salom\u00f3n Jara; el documento fue recibido por la presidenta del Instituto Estatal Electoral, Elisabeth S\u00e1nchez Gonz\u00e1lez.<\/p>\n\n\n\n<p>Tras ello vinieron mensajes breves de Jara, Delgado y la presidenta del organismo.<\/p>\n\n\n\n<p>Ya a afuera se integraron al mitin, donde el desorden era tan grande como el mont\u00f3n de gente.<\/p>\n\n\n\n<p>Gritos por ah\u00ed, sobrerazos por ac\u00e1, golpes entre militantes, algunos en estado de ebriedad.<\/p>\n\n\n\n<p>Un Samuel Gurri\u00f3n, ex priista y ex panista, que ahora se visti\u00f3 de Verde Ecologista, pero al desconocerlo los morenistas, no lo dejaban subir al estrado, pese a las s\u00faplicas del juchiteco.<\/p>\n\n\n\n<figure class=\"wp-block-embed is-type-rich is-provider-twitter wp-block-embed-twitter\"><div class=\"wp-block-embed__wrapper\">\n<div class=\"twitter-tweet\"><blockquote class=\"twitter-tweet\" data-lang=\"es\"><p lang=\"es\" dir=\"ltr\"><a href=\"https:\/\/twitter.com\/hashtag\/%C3%9AltimoMinuto?src=hash&amp;ref_src=twsrc%5Etfw\">#\u00daltimoMinuto<\/a> <br>Por ser identificado a\u00fan con el PRI, al diputado local del Verde Ecologista, Samuel Gurri\u00f3n Mat\u00edas (<a href=\"https:\/\/twitter.com\/samygurrion?ref_src=twsrc%5Etfw\">@samygurrion<\/a>), le fue impedido el acceso al mitin tras el registro de Salom\u00f3n Jara Cruz como candidato a gobernador de Oaxaca. <a href=\"https:\/\/t.co\/7qUduFpuxu\">pic.twitter.com\/7qUduFpuxu<\/a><\/p>&mdash; Zona Roja Oaxaca (@ZonaRoja_Oaxaca) <a href=\"https:\/\/twitter.com\/ZonaRoja_Oaxaca\/status\/1500256192366579712?ref_src=twsrc%5Etfw\">5 de marzo de 2022<\/a><\/blockquote><\/div>\n<\/div><\/figure>\n\n\n\n<p>DIVIDIDOS<\/p>\n\n\n\n<p>De nuevo los discursos de Morena y sus aliados, el PVEM, Partido del Trabajo y Unidad Popular.<\/p>\n\n\n\n<p>Una introducci\u00f3n en zapoteco, del originario de San Melchor Betaza, para luego arengar:<\/p>\n\n\n\n<p>\u201cDurante a\u00f1os hemos sembrado la semilla de la esperanza, hoy lleg\u00f3&nbsp; el momento y me comprometo a encabezar la lucha para hacer realidad el sue\u00f1o por el que todos y todas hemos trabajado\u201d.<\/p>\n\n\n\n<p>\u201cNecesitamos de todas y todos, nadie es m\u00e1s fuerte que todos juntos, y cuando los oaxaque\u00f1os no los proponemos, somos grandes, s\u00e9 que cuento con ustedes porque me lo han demostrado\u00bb, dijo.<\/p>\n\n\n\n<p>Cerca de las siete de la noche terminaba la faena, tras lo cual los acarreados abordaron las decenas de los autobuses que los trajeron a la ciudad.<\/p>\n\n\n\n<p>Pero en el aire, en el ambiente, la sombra de Susana Harp Iturribar\u00eda. La duda de la aceptaci\u00f3n o rechazo de la candidatura de Salom\u00f3n Jara por parte del IEEPCO. Y las advertencias:<\/p>\n\n\n\n<p>\u201cSeguimos en la ruta de la legalidad. Nuestra lucha es justa y llegaremos a buen puerto\u201d, tuite\u00f3 la senadora, apenas terminado el mitin.<\/p>\n\n\n\n<p>\u201cPronto tendremos buenas nuevas en Oaxaca\u201d, difundi\u00f3 en las redes sociales Flavio Sosa, otrora amigo y camarada de lucha en la izquierda, con Jara. La moneda a\u00fan est\u00e1 en el aire.<\/p>\n","protected":false},"excerpt":{"rendered":"<p>Ismael Garc\u00eda M.\/Zona Roja. Oaxaca de Ju\u00e1rez, Oax., 5 de marzo de 202.- Lo que&hellip;<\/p>\n","protected":false},"author":2,"featured_media":38428,"comment_status":"closed","ping_status":"open","sticky":false,"template":"","format":"standard","meta":{"_lmt_disableupdate":"","_lmt_disable":"","_jetpack_memberships_contains_paid_content":false,"footnotes":""},"categories":[109,47],"tags":[939],"class_list":["post-38427","post","type-post","status-publish","format-standard","has-post-thumbnail","hentry","category-minuto-a-minuto","category-zona-gris","tag-salomon-jara-cruz"],"jetpack_featured_media_url":"https:\/\/zonaroja.com.mx\/wp-content\/uploads\/2022\/03\/Salomon-Jara-Cruz.jpeg","jetpack_sharing_enabled":true,"_links":{"self":[{"href":"https:\/\/zonaroja.com.mx\/index.php?rest_route=\/wp\/v2\/posts\/38427","targetHints":{"allow":["GET"]}}],"collection":[{"href":"https:\/\/zonaroja.com.mx\/index.php?rest_route=\/wp\/v2\/posts"}],"about":[{"href":"https:\/\/zonaroja.com.mx\/index.php?rest_route=\/wp\/v2\/types\/post"}],"author":[{"embeddable":true,"href":"https:\/\/zonaroja.com.mx\/index.php?rest_route=\/wp\/v2\/users\/2"}],"replies":[{"embeddable":true,"href":"https:\/\/zonaroja.com.mx\/index.php?rest_route=%2Fwp%2Fv2%2Fcomments&post=38427"}],"version-history":[{"count":1,"href":"https:\/\/zonaroja.com.mx\/index.php?rest_route=\/wp\/v2\/posts\/38427\/revisions"}],"predecessor-version":[{"id":38429,"href":"https:\/\/zonaroja.com.mx\/index.php?rest_route=\/wp\/v2\/posts\/38427\/revisions\/38429"}],"wp:featuredmedia":[{"embeddable":true,"href":"https:\/\/zonaroja.com.mx\/index.php?rest_route=\/wp\/v2\/media\/38428"}],"wp:attachment":[{"href":"https:\/\/zonaroja.com.mx\/index.php?rest_route=%2Fwp%2Fv2%2Fmedia&parent=38427"}],"wp:term":[{"taxonomy":"category","embeddable":true,"href":"https:\/\/zonaroja.com.mx\/index.php?rest_route=%2Fwp%2Fv2%2Fcategories&post=38427"},{"taxonomy":"post_tag","embeddable":true,"href":"https:\/\/zonaroja.com.mx\/index.php?rest_route=%2Fwp%2Fv2%2Ftags&post=38427"}],"curies":[{"name":"wp","href":"https:\/\/api.w.org\/{rel}","templated":true}]}}