{"id":38430,"date":"2022-03-06T06:40:06","date_gmt":"2022-03-06T12:40:06","guid":{"rendered":"http:\/\/www.zonaroja.com.mx\/?p=38430"},"modified":"2022-03-06T06:40:08","modified_gmt":"2022-03-06T12:40:08","slug":"descartan-muertos-en-batalla-campal-en-estadio-de-futbol-22-heridos","status":"publish","type":"post","link":"https:\/\/zonaroja.com.mx\/?p=38430","title":{"rendered":"Descartan muertos en batalla campal en estadio de futbol; 22 heridos"},"content":{"rendered":"\n<p>Redacci\u00f3n\/Zona Roja Cdmx.<\/p>\n\n\n\n<p>Ciudad de M\u00e9xico, 6 de marzo de 2022.- Tras la trifulca y vandalismo en el estadio \u201cLa Corregidora\u201d de Quer\u00e9taro, autoridades descartaron personas fallecidas y confirmaron al menos 22 lesionadas.<\/p>\n\n\n\n<p>Los hechos violentos iniciaron durante el partido de futbol entre \u201cGallos Blancos\u201d de dicha entidad y el equipo Atlas, de Guadalajara, Jalisco, aproximadamente en el minuto 62 del juego, alrededor de las 18:30 horas de ayer s\u00e1bado.<\/p>\n\n\n\n<p>La batalla campal inici\u00f3 en las gradas entre un grupo de j\u00f3venes pero se extendi\u00f3 en el campo de futbol, que qued\u00f3 abarrotado de aficionados, frente a at\u00f3nitos jugadores; sigui\u00f3 en los pasillos y t\u00faneles de acceso, sin que hubiera polic\u00edas cerca.<\/p>\n\n\n\n<p>Familias aterrorizadas, incluyendo menores en brazos, aterrorizadas buscaron d\u00f3nde refugiarse, algunas lo hicieron entre los pasillos, debajo de las gradas, mientras que otros padres cubr\u00edan con el cuerpo a sus familiares.<\/p>\n\n\n\n<p>Despu\u00e9s de las 21:30 horas, la Coordinaci\u00f3n Estatal de Protecci\u00f3n Civil inform\u00f3 que no ten\u00eda reportes de personas fallecidas y nueve de los 22 lesionados fueron trasladados al Hospital General.&nbsp;<\/p>\n\n\n\n<p>No fue sino hasta despu\u00e9s de los hechos en que arribaron unos 200 elementos de la Guardia Nacional, as\u00ed como polic\u00edas estatales y municipales para intentar poner orden. Hasta el momento no hay un n\u00famero preciso de personas detenidas por estos hechos violentos; s\u00f3lo en redes sociales se han difundido fotograf\u00edas de los probables participantes.<\/p>\n","protected":false},"excerpt":{"rendered":"<p>Redacci\u00f3n\/Zona Roja Cdmx. Ciudad de M\u00e9xico, 6 de marzo de 2022.- Tras la trifulca y&hellip;<\/p>\n","protected":false},"author":2,"featured_media":38431,"comment_status":"closed","ping_status":"open","sticky":false,"template":"","format":"standard","meta":{"_lmt_disableupdate":"","_lmt_disable":"","_jetpack_memberships_contains_paid_content":false,"footnotes":""},"categories":[109,47],"tags":[3061],"class_list":["post-38430","post","type-post","status-publish","format-standard","has-post-thumbnail","hentry","category-minuto-a-minuto","category-zona-gris","tag-estadio-corregidora-queretaro"],"jetpack_featured_media_url":"https:\/\/zonaroja.com.mx\/wp-content\/uploads\/2022\/03\/Batalla-campal-futbol-Queretaro.jpeg","jetpack_sharing_enabled":true,"_links":{"self":[{"href":"https:\/\/zonaroja.com.mx\/index.php?rest_route=\/wp\/v2\/posts\/38430","targetHints":{"allow":["GET"]}}],"collection":[{"href":"https:\/\/zonaroja.com.mx\/index.php?rest_route=\/wp\/v2\/posts"}],"about":[{"href":"https:\/\/zonaroja.com.mx\/index.php?rest_route=\/wp\/v2\/types\/post"}],"author":[{"embeddable":true,"href":"https:\/\/zonaroja.com.mx\/index.php?rest_route=\/wp\/v2\/users\/2"}],"replies":[{"embeddable":true,"href":"https:\/\/zonaroja.com.mx\/index.php?rest_route=%2Fwp%2Fv2%2Fcomments&post=38430"}],"version-history":[{"count":1,"href":"https:\/\/zonaroja.com.mx\/index.php?rest_route=\/wp\/v2\/posts\/38430\/revisions"}],"predecessor-version":[{"id":38432,"href":"https:\/\/zonaroja.com.mx\/index.php?rest_route=\/wp\/v2\/posts\/38430\/revisions\/38432"}],"wp:featuredmedia":[{"embeddable":true,"href":"https:\/\/zonaroja.com.mx\/index.php?rest_route=\/wp\/v2\/media\/38431"}],"wp:attachment":[{"href":"https:\/\/zonaroja.com.mx\/index.php?rest_route=%2Fwp%2Fv2%2Fmedia&parent=38430"}],"wp:term":[{"taxonomy":"category","embeddable":true,"href":"https:\/\/zonaroja.com.mx\/index.php?rest_route=%2Fwp%2Fv2%2Fcategories&post=38430"},{"taxonomy":"post_tag","embeddable":true,"href":"https:\/\/zonaroja.com.mx\/index.php?rest_route=%2Fwp%2Fv2%2Ftags&post=38430"}],"curies":[{"name":"wp","href":"https:\/\/api.w.org\/{rel}","templated":true}]}}