{"id":38435,"date":"2022-03-06T07:14:10","date_gmt":"2022-03-06T13:14:10","guid":{"rendered":"http:\/\/www.zonaroja.com.mx\/?p=38435"},"modified":"2022-03-06T07:14:11","modified_gmt":"2022-03-06T13:14:11","slug":"presentan-en-oaxaca-el-libro-hijas-de-la-historia-de-isabel-revueltas","status":"publish","type":"post","link":"https:\/\/zonaroja.com.mx\/?p=38435","title":{"rendered":"Presentan en Oaxaca el libro \u201cHijas de la Historia\u201d, de Isabel Revueltas"},"content":{"rendered":"\n<p>Redacci\u00f3n\/Zona Roja.<\/p>\n\n\n\n<p>Oaxaca de Ju\u00e1rez, Oax., 6 de marzo de 2022.- A iniciativa del Colectivo 50+1, cap\u00edtulo Oaxaca, este s\u00e1bado fue presentado en la capital el libro \u201cHijas de la Historia\u201d, de la escritora e historiadora Isabel Revueltas&nbsp;Poo.<\/p>\n\n\n\n<p>Ello en en v\u00edsperas del D\u00eda Internacional de la Mujer, que se conmemora el pr\u00f3ximo 8 de marzo, y cuyo acto presidi\u00f3 la diputada y presidenta de la Mesa Directa del Congreso del Estado, Mariana Ben\u00edtez Tiburcio.<\/p>\n\n\n\n<p>En el encuentro, Isabel Revueltas detall\u00f3 que su obra hace un recorrido en la historia de M\u00e9xico, donde las mujeres juegan un papel fundamental.<\/p>\n\n\n\n<p>\u00abAlgunas son casi desconocidas; otras han sido malinterpretadas, pero, aun as\u00ed, han estado presentes en todos los \u00e1mbitos de la naci\u00f3n, tejiendo la historia de nuestro pa\u00eds\u00bb, cit\u00f3 en su libro.<\/p>\n\n\n\n<p>Malintzin,&nbsp;Tecuichpo, Catarina de San Juan, Sor Juana In\u00e9s de la Cruz, Ignacia Rodr\u00edguez Velasco, la&nbsp;MarquezaCalder\u00f3n, Concepci\u00f3n Lombardo de Miram\u00f3n, Carmen Serd\u00e1n, Mar\u00eda Antonieta Rivas y Dolores del R\u00edo, son mujeres cuyos relatos de sus vidas marcan acontecimientos de los \u00faltimos cinco siglos.&nbsp;<\/p>\n\n\n\n<p>Reunidas en el auditorio del Archivo General&nbsp;del Estado de Oaxaca, teniendo como presentadora a Margarita Dalton, la historiadora relat\u00f3 que muchas de estas mujeres a pesar de su determinaci\u00f3n sufren de los embates de sus tiempos y de los hombres que no las entend\u00edan.<\/p>\n\n\n\n<p>\u201cTodas estas mujeres han ido abriendo brecha y dejan ense\u00f1anzas para las mujeres de la actualidad a tener determinaci\u00f3n y que podemos dedicarnos a lo que queremos\u201d, manifest\u00f3.<\/p>\n\n\n\n<figure class=\"wp-block-embed is-type-rich is-provider-twitter wp-block-embed-twitter\"><div class=\"wp-block-embed__wrapper\">\n<div class=\"twitter-tweet\"><blockquote class=\"twitter-tweet\" data-lang=\"es\"><p lang=\"es\" dir=\"ltr\">Mariana, gracias infinitas. \u00a1Qu\u00e9 tarde solidaria y llena de cari\u00f1o! Sigamos hablando de Historia y de mujeres. Me quedo con el coraz\u00f3n lleno de momentos y el impulso de trabajar mucho m\u00e1s. <a href=\"https:\/\/twitter.com\/50mas1Oax?ref_src=twsrc%5Etfw\">@50mas1Oax<\/a> <a href=\"https:\/\/twitter.com\/marianabenitezt?ref_src=twsrc%5Etfw\">@marianabenitezt<\/a> <a href=\"https:\/\/twitter.com\/PlanetaLibrosMx?ref_src=twsrc%5Etfw\">@PlanetaLibrosMx<\/a> <a href=\"https:\/\/t.co\/cGCHpBeWaf\">https:\/\/t.co\/cGCHpBeWaf<\/a><\/p>&mdash; Isabel Revuelta Poo (@isabel_revuelta) <a href=\"https:\/\/twitter.com\/isabel_revuelta\/status\/1500201814297296896?ref_src=twsrc%5Etfw\">5 de marzo de 2022<\/a><\/blockquote><\/div>\n<\/div><\/figure>\n\n\n\n<p>En su participaci\u00f3n, la diputada local, Mariana Ben\u00edtez Tiburcio destac\u00f3 que el libro \u00abHijas de la Historia\u00bb de Isabel Revueltas refleja lo&nbsp;que&nbsp;muchas quieren, buscan y trabajan todos los d\u00edas: visibilizar en la historia el trabajo, el legado, la influencia y poder que han tenido las mujeres.<\/p>\n\n\n\n<p>Se trata de una lectura&nbsp;obligada,&nbsp;dijo, sobre todo porque todas las mujeres, desde sus trincheras,&nbsp;desde la pol\u00edtica,&nbsp;\u00e1mbito social y&nbsp;cultural, est\u00e1n&nbsp;contribuyendo a forjar los cambios en el estado y el pa\u00eds.<\/p>\n\n\n\n<p>La presidenta de la Mesa Directa de la 65 legislatura local,&nbsp;resalt\u00f3 el trabajo de Isabel Revueltas como historiadora e investigadora, as\u00ed como haber aceptado la invitaci\u00f3n a presentar su obra en el estado.<\/p>\n\n\n\n<p>A esta charla, asistieron Mariana&nbsp;Nassar, secretaria de Administraci\u00f3n; Karla&nbsp;Villaca\u00f1a, secretaria de las Culturas; Ana V\u00e1zquez Colmenares, secretaria de las Mujeres de Oaxaca, diputadas locales y las integrantes del Colectivo 50+1.<\/p>\n\n\n\n<p>EL DATO<\/p>\n\n\n\n<p>Isabel Revueltas&nbsp;Poo, maestra investigadora e historiadora y conductora de El Refugio de los Conspiradores.<\/p>\n\n\n\n<p>Ha sido catedr\u00e1tica en el Departamento de Arte de la Universidad Iberoamericana campus Ciudad de M\u00e9xico y es fundadora del curso privado La historia sin may\u00fascula. Como promotora cultural ha colaborado con el Consejo Nacional para la Cultura y las Artes (Conaculta), el Instituto Nacional de Bellas Artes (INBA) y el Auditorio Nacional difundiendo el patrimonio, las artes y la historia de nuestro pa\u00eds.<\/p>\n","protected":false},"excerpt":{"rendered":"<p>Redacci\u00f3n\/Zona Roja. Oaxaca de Ju\u00e1rez, Oax., 6 de marzo de 2022.- A iniciativa del Colectivo&hellip;<\/p>\n","protected":false},"author":2,"featured_media":38436,"comment_status":"closed","ping_status":"open","sticky":false,"template":"","format":"standard","meta":{"_lmt_disableupdate":"","_lmt_disable":"","_jetpack_memberships_contains_paid_content":false,"footnotes":""},"categories":[109,46],"tags":[2969],"class_list":["post-38435","post","type-post","status-publish","format-standard","has-post-thumbnail","hentry","category-minuto-a-minuto","category-zona-blanca","tag-mariana-benitez-tiburcio"],"jetpack_featured_media_url":"https:\/\/zonaroja.com.mx\/wp-content\/uploads\/2022\/03\/Mariana-Benitez-libro.jpeg","jetpack_sharing_enabled":true,"_links":{"self":[{"href":"https:\/\/zonaroja.com.mx\/index.php?rest_route=\/wp\/v2\/posts\/38435","targetHints":{"allow":["GET"]}}],"collection":[{"href":"https:\/\/zonaroja.com.mx\/index.php?rest_route=\/wp\/v2\/posts"}],"about":[{"href":"https:\/\/zonaroja.com.mx\/index.php?rest_route=\/wp\/v2\/types\/post"}],"author":[{"embeddable":true,"href":"https:\/\/zonaroja.com.mx\/index.php?rest_route=\/wp\/v2\/users\/2"}],"replies":[{"embeddable":true,"href":"https:\/\/zonaroja.com.mx\/index.php?rest_route=%2Fwp%2Fv2%2Fcomments&post=38435"}],"version-history":[{"count":1,"href":"https:\/\/zonaroja.com.mx\/index.php?rest_route=\/wp\/v2\/posts\/38435\/revisions"}],"predecessor-version":[{"id":38437,"href":"https:\/\/zonaroja.com.mx\/index.php?rest_route=\/wp\/v2\/posts\/38435\/revisions\/38437"}],"wp:featuredmedia":[{"embeddable":true,"href":"https:\/\/zonaroja.com.mx\/index.php?rest_route=\/wp\/v2\/media\/38436"}],"wp:attachment":[{"href":"https:\/\/zonaroja.com.mx\/index.php?rest_route=%2Fwp%2Fv2%2Fmedia&parent=38435"}],"wp:term":[{"taxonomy":"category","embeddable":true,"href":"https:\/\/zonaroja.com.mx\/index.php?rest_route=%2Fwp%2Fv2%2Fcategories&post=38435"},{"taxonomy":"post_tag","embeddable":true,"href":"https:\/\/zonaroja.com.mx\/index.php?rest_route=%2Fwp%2Fv2%2Ftags&post=38435"}],"curies":[{"name":"wp","href":"https:\/\/api.w.org\/{rel}","templated":true}]}}