{"id":38438,"date":"2022-03-06T07:28:44","date_gmt":"2022-03-06T13:28:44","guid":{"rendered":"http:\/\/www.zonaroja.com.mx\/?p=38438"},"modified":"2022-03-06T07:28:47","modified_gmt":"2022-03-06T13:28:47","slug":"pobladores-de-la-villa-de-zaachila-declaran-cierre-definitivo-de-basurero","status":"publish","type":"post","link":"https:\/\/zonaroja.com.mx\/?p=38438","title":{"rendered":"Pobladores de la Villa de Zaachila declaran cierre definitivo de basurero"},"content":{"rendered":"\n<p>Redacci\u00f3n\/Diario \u201cEl Fort\u00edn\u201d<\/p>\n\n\n\n<p>Oaxaca de Ju\u00e1rez, Oax., 6 de marzo de 2022.- Bajo la consigna de \u00a1No m\u00e1s basurero!, Ejidatarias, ejidatarios y colonos de la Villa de Zaachila, determinaron este viernes 4 de marzo, el cierre definitivo del tiradero municipal ubicado en la colonia Guillermo Gonz\u00e1lez Guardado, en la zona oriente del municipio. &nbsp;<\/p>\n\n\n\n<p>En una asamblea legalmente constituida en la que participaron el Comisariado Ejidal de Santa Mar\u00eda Zaachila y el presidente municipal Rigoberto Chac\u00f3n P\u00e9rez, determinaron cerrar el basurero municipal ante el acelerado da\u00f1o e impacto ambiental provocado por este relleno sanitario el cual opera desde hace m\u00e1s de 50 a\u00f1os.&nbsp;<\/p>\n\n\n\n<p>El acuerdo es irrevocable, asegur\u00f3 la asamblea. Por su parte, el edil extern\u00f3 el apoyo a ejidatarios y ejidatarias para emprender la movilizaci\u00f3n social y legal para el cierre definitivo.&nbsp;<\/p>\n\n\n\n<p>A estas acciones se sumaron los agentes municipales, agentes de Polic\u00eda, presidentes de colonias de la zona oriente, quienes han decidido tomar acciones y anunciaron que el \u00e1rea en el que se pretende ampliar el basurero, pasar\u00e1 a ser administrado por los habitantes de la zona.<\/p>\n\n\n\n<figure class=\"wp-block-image size-large\"><a href=\"http:\/\/www.zonaroja.com.mx\/wp-content\/uploads\/2022\/03\/Basurero-tiradero-Zaachila.jpg\" data-rel=\"penci-gallery-image-content\" ><img decoding=\"async\" width=\"1024\" height=\"577\" src=\"http:\/\/www.zonaroja.com.mx\/wp-content\/uploads\/2022\/03\/Basurero-tiradero-Zaachila-1024x577.jpg\" alt=\"\" class=\"wp-image-38440\" srcset=\"https:\/\/zonaroja.com.mx\/wp-content\/uploads\/2022\/03\/Basurero-tiradero-Zaachila-1024x577.jpg 1024w, https:\/\/zonaroja.com.mx\/wp-content\/uploads\/2022\/03\/Basurero-tiradero-Zaachila-300x169.jpg 300w, https:\/\/zonaroja.com.mx\/wp-content\/uploads\/2022\/03\/Basurero-tiradero-Zaachila-768x433.jpg 768w, https:\/\/zonaroja.com.mx\/wp-content\/uploads\/2022\/03\/Basurero-tiradero-Zaachila-585x330.jpg 585w, https:\/\/zonaroja.com.mx\/wp-content\/uploads\/2022\/03\/Basurero-tiradero-Zaachila.jpg 1080w\" sizes=\"(max-width: 1024px) 100vw, 1024px\" \/><\/a><\/figure>\n\n\n\n<p>Motivo por el que el pasado jueves realizaron un recorrido en el cual delimitaron el terreno y \u00e1rea de basurero. \u00abel basurero municipal de Oaxaca de Ju\u00e1rez ubicado en Zaachila, nos ha tra\u00eddo m\u00e1s perjuicios que beneficios, el Estado jam\u00e1s ha dado un apoyo para resarcir los da\u00f1os que genera el basurero\u00bb &nbsp;informaron en un desplegado.&nbsp;<\/p>\n\n\n\n<p>\u00abQue sea un mensaje claro para los diputados y funcionarios p\u00fablicos municipales y estatales que han estado politizando el tema, desde el lugar de los hechos les pedimos que actu\u00e9n y no provoquen un caos a los miles de Oaxaque\u00f1os: nosotros s\u00ed estamos actuamos y les comprobamos que no hay m\u00e1s espacio ni lugar donde ampliar el tiradero municipal\u00bb agregaron.&nbsp;<\/p>\n\n\n\n<p>Asimismo, expusieron que no ha habido ninguna respuesta por parte de los 25 municipios que depositan sus desechos, a pesar de que ya fueron notificados del cierre con un plazo de tres meses, que sigue corriendo.&nbsp;<\/p>\n\n\n\n<p>\u00abSabemos que hay gente que tiene inter\u00e9s en que el basurero contin\u00fae en operaciones, \u00bfPero, es preferible cuidar la salud de m\u00e1s de 40 mil personas a cuidar empleo a 80 personas? La diferencia en afectaciones es abismal, por eso, el Tiradero Municipal tiene que cerrarse definitivamente pronto\u00bb concluyeron.<\/p>\n\n\n\n<p>(Texto de Giselle Melchor)<\/p>\n","protected":false},"excerpt":{"rendered":"<p>Redacci\u00f3n\/Diario \u201cEl Fort\u00edn\u201d Oaxaca de Ju\u00e1rez, Oax., 6 de marzo de 2022.- Bajo la consigna&hellip;<\/p>\n","protected":false},"author":2,"featured_media":38439,"comment_status":"closed","ping_status":"open","sticky":false,"template":"","format":"standard","meta":{"_lmt_disableupdate":"","_lmt_disable":"","_jetpack_memberships_contains_paid_content":false,"footnotes":""},"categories":[109,47],"tags":[155],"class_list":["post-38438","post","type-post","status-publish","format-standard","has-post-thumbnail","hentry","category-minuto-a-minuto","category-zona-gris","tag-villa-de-zaachila"],"jetpack_featured_media_url":"https:\/\/zonaroja.com.mx\/wp-content\/uploads\/2022\/03\/Basurero-tiradero-Zaachila-1.jpg","jetpack_sharing_enabled":true,"_links":{"self":[{"href":"https:\/\/zonaroja.com.mx\/index.php?rest_route=\/wp\/v2\/posts\/38438","targetHints":{"allow":["GET"]}}],"collection":[{"href":"https:\/\/zonaroja.com.mx\/index.php?rest_route=\/wp\/v2\/posts"}],"about":[{"href":"https:\/\/zonaroja.com.mx\/index.php?rest_route=\/wp\/v2\/types\/post"}],"author":[{"embeddable":true,"href":"https:\/\/zonaroja.com.mx\/index.php?rest_route=\/wp\/v2\/users\/2"}],"replies":[{"embeddable":true,"href":"https:\/\/zonaroja.com.mx\/index.php?rest_route=%2Fwp%2Fv2%2Fcomments&post=38438"}],"version-history":[{"count":1,"href":"https:\/\/zonaroja.com.mx\/index.php?rest_route=\/wp\/v2\/posts\/38438\/revisions"}],"predecessor-version":[{"id":38441,"href":"https:\/\/zonaroja.com.mx\/index.php?rest_route=\/wp\/v2\/posts\/38438\/revisions\/38441"}],"wp:featuredmedia":[{"embeddable":true,"href":"https:\/\/zonaroja.com.mx\/index.php?rest_route=\/wp\/v2\/media\/38439"}],"wp:attachment":[{"href":"https:\/\/zonaroja.com.mx\/index.php?rest_route=%2Fwp%2Fv2%2Fmedia&parent=38438"}],"wp:term":[{"taxonomy":"category","embeddable":true,"href":"https:\/\/zonaroja.com.mx\/index.php?rest_route=%2Fwp%2Fv2%2Fcategories&post=38438"},{"taxonomy":"post_tag","embeddable":true,"href":"https:\/\/zonaroja.com.mx\/index.php?rest_route=%2Fwp%2Fv2%2Ftags&post=38438"}],"curies":[{"name":"wp","href":"https:\/\/api.w.org\/{rel}","templated":true}]}}