{"id":38442,"date":"2022-03-06T15:07:43","date_gmt":"2022-03-06T21:07:43","guid":{"rendered":"http:\/\/www.zonaroja.com.mx\/?p=38442"},"modified":"2022-03-06T15:07:45","modified_gmt":"2022-03-06T21:07:45","slug":"avanzan-mujeres-suman-este-ano-114-designadas-en-ayuntamientos-de-usos-y-costumbres","status":"publish","type":"post","link":"https:\/\/zonaroja.com.mx\/?p=38442","title":{"rendered":"Avanzan mujeres: suman este a\u00f1o 114 designadas en ayuntamientos de usos y costumbres"},"content":{"rendered":"\n<p>Redacci\u00f3n\/Zona Roja. Foto: Ilustraci\u00f3n<\/p>\n\n\n\n<p>Oaxaca de Ju\u00e1rez, Oax., 6 de marzo de 2022.- En v\u00edsperas del D\u00eda Internacional de la Mujer, el Instituto Estatal Electoral y de Participaci\u00f3n Ciudadana inform\u00f3 que este a\u00f1o suman 114 femeninas que han sido electas para alg\u00fan cargo en municipios que se rigen por Sistemas Normativos Internos, conocidos como usos y costumbres; adem\u00e1s, hay 49 suplentes.<\/p>\n\n\n\n<p>En suma, son seis mujeres s\u00edndicas propietarias y cinco suplentes, adem\u00e1s de 107 regidoras propietarias y 41 suplentes en distintas localidades del estado, detall\u00f3 en un comunicado.&nbsp;&nbsp;<\/p>\n\n\n\n<p>Indic\u00f3 que en estas designaciones, destaca una mujer electa como Presidenta Municipal en San Pedro Ocotepec, mientras que fueron nombradas tres presidentas suplentes en Santa Mar\u00eda Tlahuitoltepec, Santa Mar\u00eda Yosoyua, San Pedro y San Pablo Ayutla, respectivamente.&nbsp;<\/p>\n\n\n\n<p>Asimismo, se\u00f1al\u00f3 que los municipios de San Juan Cotzoc\u00f3n, San Juan Mazatl\u00e1n, Santa Mar\u00eda Nativitas, Santo Domingo Tepuxtepec, Tamazul\u00e1pam del Esp\u00edritu Santo, San Baltazar Yatzachi El Bajo, Santa Mar\u00eda Tlahuitoltepec y Santa Mar\u00eda Tepantlalli, contar\u00e1n con s\u00edndicas municipales.&nbsp;&nbsp;&nbsp;<\/p>\n\n\n\n<p>\u201cAunque a\u00fan persisten desaf\u00edos por superar, la participaci\u00f3n pol\u00edtica de las mujeres en los pueblos y comunidades ind\u00edgenas va avanzando y prueba de ello es que cada vez hay m\u00e1s mujeres nombradas para ocupar un cargo\u201d, afirm\u00f3 la Consejera Electoral y presidenta de la comisi\u00f3n permanente de Sistemas Normativos Ind\u00edgenas del IEEPCO, Zaira Hip\u00f3lito L\u00f3pez.&nbsp;&nbsp;<\/p>\n\n\n\n<p>Lo anterior en el marco del informe trimestral de la comisi\u00f3n donde se registr\u00f3 que -de noviembre de 2021 a febrero del presente a\u00f1o- un total de 114 mujeres han sido nombradas en municipios de sistemas normativos para desempe\u00f1arse como autoridades propietarias y 49 en las suplencias.&nbsp;<\/p>\n\n\n\n<p>Subray\u00f3 que para la calificaci\u00f3n de elecciones existe un trabajo de coordinaci\u00f3n institucional entre el Consejo General y la Direcci\u00f3n de Sistemas Normativos Ind\u00edgenas del IEEPCO.&nbsp;<\/p>\n\n\n\n<p>\u201cUna parte importante de la certeza en estos procesos es la calificaci\u00f3n de las elecciones tal como establece la ley, pero con respeto a la autonom\u00eda de los pueblos y comunidades ind\u00edgenas, por ello toda la revisi\u00f3n de cada elecci\u00f3n se hace con sumo apego a la normatividad\u201d, afirm\u00f3 la consejera electoral.&nbsp;&nbsp;<\/p>\n\n\n\n<p>Todos los expedientes -apunt\u00f3- se analizan por la direcci\u00f3n para comprobar que las elecciones realicen en apego a los propios estatutos comunitarios, as\u00ed como con la participaci\u00f3n de todas las personas de la comunidad. Posteriormente, la Comisi\u00f3n y el Consejo General del IEEPCO analiza y en sesi\u00f3n p\u00fablica califica la elecci\u00f3n.&nbsp;&nbsp;<\/p>\n\n\n\n<p>\u201cEstas actividades, as\u00ed como todos los trabajos de mediaci\u00f3n que realizamos de manera permanente con las comunidades, buscan contribuir a establecer di\u00e1logos&nbsp;&nbsp;interculturales, lo que, nos ha permito observar que las comunidades avanzan hacia lo reglamentado en la \u00faltima reforma constitucional, la cual, establece el a\u00f1o 2023 para alcanzar la paridad\u201d, finaliz\u00f3.<\/p>\n","protected":false},"excerpt":{"rendered":"<p>Redacci\u00f3n\/Zona Roja. Foto: Ilustraci\u00f3n Oaxaca de Ju\u00e1rez, Oax., 6 de marzo de 2022.- En v\u00edsperas&hellip;<\/p>\n","protected":false},"author":2,"featured_media":32476,"comment_status":"closed","ping_status":"open","sticky":false,"template":"","format":"standard","meta":{"_lmt_disableupdate":"","_lmt_disable":"","_jetpack_memberships_contains_paid_content":false,"footnotes":""},"categories":[109,46],"tags":[2932],"class_list":["post-38442","post","type-post","status-publish","format-standard","has-post-thumbnail","hentry","category-minuto-a-minuto","category-zona-blanca","tag-instituto-estatal-electoral-y-de-participacion-ciudadana-de-oaxaca-ieepco"],"jetpack_featured_media_url":"https:\/\/zonaroja.com.mx\/wp-content\/uploads\/2021\/09\/Asamblea-Ayutla-Mixe.png","jetpack_sharing_enabled":true,"_links":{"self":[{"href":"https:\/\/zonaroja.com.mx\/index.php?rest_route=\/wp\/v2\/posts\/38442","targetHints":{"allow":["GET"]}}],"collection":[{"href":"https:\/\/zonaroja.com.mx\/index.php?rest_route=\/wp\/v2\/posts"}],"about":[{"href":"https:\/\/zonaroja.com.mx\/index.php?rest_route=\/wp\/v2\/types\/post"}],"author":[{"embeddable":true,"href":"https:\/\/zonaroja.com.mx\/index.php?rest_route=\/wp\/v2\/users\/2"}],"replies":[{"embeddable":true,"href":"https:\/\/zonaroja.com.mx\/index.php?rest_route=%2Fwp%2Fv2%2Fcomments&post=38442"}],"version-history":[{"count":1,"href":"https:\/\/zonaroja.com.mx\/index.php?rest_route=\/wp\/v2\/posts\/38442\/revisions"}],"predecessor-version":[{"id":38443,"href":"https:\/\/zonaroja.com.mx\/index.php?rest_route=\/wp\/v2\/posts\/38442\/revisions\/38443"}],"wp:featuredmedia":[{"embeddable":true,"href":"https:\/\/zonaroja.com.mx\/index.php?rest_route=\/wp\/v2\/media\/32476"}],"wp:attachment":[{"href":"https:\/\/zonaroja.com.mx\/index.php?rest_route=%2Fwp%2Fv2%2Fmedia&parent=38442"}],"wp:term":[{"taxonomy":"category","embeddable":true,"href":"https:\/\/zonaroja.com.mx\/index.php?rest_route=%2Fwp%2Fv2%2Fcategories&post=38442"},{"taxonomy":"post_tag","embeddable":true,"href":"https:\/\/zonaroja.com.mx\/index.php?rest_route=%2Fwp%2Fv2%2Ftags&post=38442"}],"curies":[{"name":"wp","href":"https:\/\/api.w.org\/{rel}","templated":true}]}}