{"id":38449,"date":"2022-03-06T19:23:01","date_gmt":"2022-03-07T01:23:01","guid":{"rendered":"http:\/\/www.zonaroja.com.mx\/?p=38449"},"modified":"2022-03-06T19:23:02","modified_gmt":"2022-03-07T01:23:02","slug":"denuncian-enfermeras-de-sso-presunto-desvio-y-exigen-a-nueva-titular-auditoria","status":"publish","type":"post","link":"https:\/\/zonaroja.com.mx\/?p=38449","title":{"rendered":"Denuncian enfermeras de SSO presunto desv\u00edo y exigen a nueva titular auditor\u00eda"},"content":{"rendered":"\n<p>Yuridiana Sosa\/Zona Roja.<\/p>\n\n\n\n<p>Oaxaca de Ju\u00e1rez, Oax., 6 de marzo de 2022.- Enfermeras de la Jurisdicci\u00f3n Sanitaria 01, de Valles Centrales, demandaron a la nueva titular de la Secretar\u00eda de Salud de Oaxaca, Virginia S\u00e1nchez R\u00edos, aplique una auditor\u00eda al \u00e1rea de vacunaci\u00f3n, ante presuntos desv\u00edos de recursos que impactaron en las campa\u00f1as de vacunaci\u00f3n contra el Covid-19.<\/p>\n\n\n\n<p>Las trabajadoras de los Servicios de Salud de Oaxaca (SSO) se\u00f1alaron irregularidades en la implementaci\u00f3n de recursos en los programas de vacunaci\u00f3n en la entidad, as\u00ed como en la colaboraci\u00f3n de las campa\u00f1as para combatir el Covid por parte de la encargada del \u00e1rea, Dolores Garc\u00eda.<\/p>\n\n\n\n<p>La petici\u00f3n a la titular, apuntaron, es ante la omisi\u00f3n de atenci\u00f3n por parte del jefe jurisdiccional, Norberto Barroso Rojas, as\u00ed como del secretario general de la Secci\u00f3n 35 del Sindicato Nacional de Trabajadores la Secretar\u00eda de Salud (SNTSA), Mario F\u00e9lix Pacheco para revisar el problema que ha afectado a dicha \u00e1rea.<\/p>\n\n\n\n<p>Por parte de F\u00e9lix Pacheco, acusaron un posible encubrimiento, pues ha mostrado evasivas al s\u00f3lo manifestar \u201cse est\u00e1 checando\u201d, sin que haya mayor informaci\u00f3n para la unidad de vacunaci\u00f3n.<\/p>\n\n\n\n<p>Ante esta situaci\u00f3n, las enfermeras lanzaron un llamado urgente a S\u00e1nchez R\u00edos para que ordene una auditor\u00eda, aplique orden y los cambios necesarios en los Servicios de Salud, antes que los problemas se agraven o pasen por alto, como ocurri\u00f3 con Juan Carlos M\u00e1rquez Heine al frente de la instituci\u00f3n.<\/p>\n","protected":false},"excerpt":{"rendered":"<p>Yuridiana Sosa\/Zona Roja. Oaxaca de Ju\u00e1rez, Oax., 6 de marzo de 2022.- Enfermeras de la&hellip;<\/p>\n","protected":false},"author":2,"featured_media":32303,"comment_status":"closed","ping_status":"open","sticky":false,"template":"","format":"standard","meta":{"_lmt_disableupdate":"","_lmt_disable":"","_jetpack_memberships_contains_paid_content":false,"footnotes":""},"categories":[109,47],"tags":[1005],"class_list":["post-38449","post","type-post","status-publish","format-standard","has-post-thumbnail","hentry","category-minuto-a-minuto","category-zona-gris","tag-servicios-de-salud-de-oaxaca-sso"],"jetpack_featured_media_url":"https:\/\/zonaroja.com.mx\/wp-content\/uploads\/2021\/09\/jornada-de-vacunacion_centros-penitenciarios-1.jpeg","jetpack_sharing_enabled":true,"_links":{"self":[{"href":"https:\/\/zonaroja.com.mx\/index.php?rest_route=\/wp\/v2\/posts\/38449","targetHints":{"allow":["GET"]}}],"collection":[{"href":"https:\/\/zonaroja.com.mx\/index.php?rest_route=\/wp\/v2\/posts"}],"about":[{"href":"https:\/\/zonaroja.com.mx\/index.php?rest_route=\/wp\/v2\/types\/post"}],"author":[{"embeddable":true,"href":"https:\/\/zonaroja.com.mx\/index.php?rest_route=\/wp\/v2\/users\/2"}],"replies":[{"embeddable":true,"href":"https:\/\/zonaroja.com.mx\/index.php?rest_route=%2Fwp%2Fv2%2Fcomments&post=38449"}],"version-history":[{"count":1,"href":"https:\/\/zonaroja.com.mx\/index.php?rest_route=\/wp\/v2\/posts\/38449\/revisions"}],"predecessor-version":[{"id":38450,"href":"https:\/\/zonaroja.com.mx\/index.php?rest_route=\/wp\/v2\/posts\/38449\/revisions\/38450"}],"wp:featuredmedia":[{"embeddable":true,"href":"https:\/\/zonaroja.com.mx\/index.php?rest_route=\/wp\/v2\/media\/32303"}],"wp:attachment":[{"href":"https:\/\/zonaroja.com.mx\/index.php?rest_route=%2Fwp%2Fv2%2Fmedia&parent=38449"}],"wp:term":[{"taxonomy":"category","embeddable":true,"href":"https:\/\/zonaroja.com.mx\/index.php?rest_route=%2Fwp%2Fv2%2Fcategories&post=38449"},{"taxonomy":"post_tag","embeddable":true,"href":"https:\/\/zonaroja.com.mx\/index.php?rest_route=%2Fwp%2Fv2%2Ftags&post=38449"}],"curies":[{"name":"wp","href":"https:\/\/api.w.org\/{rel}","templated":true}]}}