{"id":38453,"date":"2022-03-06T20:54:34","date_gmt":"2022-03-07T02:54:34","guid":{"rendered":"http:\/\/www.zonaroja.com.mx\/?p=38453"},"modified":"2022-03-06T20:54:35","modified_gmt":"2022-03-07T02:54:35","slug":"continua-fuerte-el-covid-en-oaxaca-en-una-semana-1365-contagios-y-47-muertes","status":"publish","type":"post","link":"https:\/\/zonaroja.com.mx\/?p=38453","title":{"rendered":"Contin\u00faa fuerte el Covid en Oaxaca; en una semana, 1,365 contagios y 47 muertes"},"content":{"rendered":"\n<p>Redacci\u00f3n\/Zona Roja.<\/p>\n\n\n\n<p>Oaxaca de Ju\u00e1rez, Oax., 6 de marzo de 2022.- Los Servicios de Salud de Oaxaca informaron que del 27 de febrero al 5 de marzo se registr\u00f3 un acumulado de 117 mil 534 personas confirmadas al virus de Covid, observando una ligera disminuci\u00f3n, pasando de dos mil 900 a mil 365 casos registrados en este periodo.<\/p>\n\n\n\n<p>Por su parte, el promedio de ocupaci\u00f3n hospitalaria para la atenci\u00f3n a pacientes con complicaciones derivadas de esta enfermedad fue de 21%. Adem\u00e1s, se notificaron 47 decesos a causa de esta patolog\u00eda respiratoria.<\/p>\n\n\n\n<p>En un comunicado, la dependencia expuso que, siguiendo la Estrategia de la Pol\u00edtica Nacional de Vacunaci\u00f3n contra el virus SARS-CoV-2 para la prevenci\u00f3n de la Covid-19 en M\u00e9xico, la semana pasada en la entidad oaxaque\u00f1a se aplicaron 38 mil 119 dosis contra la pandemia.<\/p>\n\n\n\n<p>De las cuales 25 mil 712 fueron de la farmac\u00e9utica Pfizer BioNTech, 12 mil 400 de Astrazeneca y siete de Sinovac, destac\u00f3 la instituci\u00f3n.<\/p>\n\n\n\n<p>As\u00ed tambi\u00e9n precis\u00f3 que el pr\u00f3ximo lunes 7 de marzo entra en vigor el color verde del Sem\u00e1foro de Riesgo Epid\u00e9mico Covid-19, que permanecer\u00e1 hasta el 20 del mismo mes del a\u00f1o en curso.<\/p>\n\n\n\n<p>Ello significa, que la exposici\u00f3n de contagio es baja, sin embargo, en todos los niveles de riesgo epidemiol\u00f3gico se recomienda mantener las medidas b\u00e1sicas de prevenci\u00f3n como: el lavado de manos, usar cubrebocas, la sana distancia entre personas, evitar aglomeraciones y ventilar los espacios.<\/p>\n\n\n\n<p>La dependencia asever\u00f3 que es importante que las personas que no han recibido la vacuna acudan a aplic\u00e1rsela cuando les corresponda y quienes ya cuentan con su esquema completo de dosis, deben ponerse el inmunol\u00f3gico de refuerzo, pues est\u00e1 demostrado que las vacunas reducen el riesgo de desarrollar la enfermedad de manera grave.<\/p>\n","protected":false},"excerpt":{"rendered":"<p>Redacci\u00f3n\/Zona Roja. Oaxaca de Ju\u00e1rez, Oax., 6 de marzo de 2022.- Los Servicios de Salud&hellip;<\/p>\n","protected":false},"author":2,"featured_media":38454,"comment_status":"closed","ping_status":"open","sticky":false,"template":"","format":"standard","meta":{"_lmt_disableupdate":"","_lmt_disable":"","_jetpack_memberships_contains_paid_content":false,"footnotes":""},"categories":[1],"tags":[],"class_list":["post-38453","post","type-post","status-publish","format-standard","has-post-thumbnail","hentry","category-sin-categoria"],"jetpack_featured_media_url":"https:\/\/zonaroja.com.mx\/wp-content\/uploads\/2022\/03\/Filas-vacunas-Oaxaca.jpeg","jetpack_sharing_enabled":true,"_links":{"self":[{"href":"https:\/\/zonaroja.com.mx\/index.php?rest_route=\/wp\/v2\/posts\/38453","targetHints":{"allow":["GET"]}}],"collection":[{"href":"https:\/\/zonaroja.com.mx\/index.php?rest_route=\/wp\/v2\/posts"}],"about":[{"href":"https:\/\/zonaroja.com.mx\/index.php?rest_route=\/wp\/v2\/types\/post"}],"author":[{"embeddable":true,"href":"https:\/\/zonaroja.com.mx\/index.php?rest_route=\/wp\/v2\/users\/2"}],"replies":[{"embeddable":true,"href":"https:\/\/zonaroja.com.mx\/index.php?rest_route=%2Fwp%2Fv2%2Fcomments&post=38453"}],"version-history":[{"count":1,"href":"https:\/\/zonaroja.com.mx\/index.php?rest_route=\/wp\/v2\/posts\/38453\/revisions"}],"predecessor-version":[{"id":38455,"href":"https:\/\/zonaroja.com.mx\/index.php?rest_route=\/wp\/v2\/posts\/38453\/revisions\/38455"}],"wp:featuredmedia":[{"embeddable":true,"href":"https:\/\/zonaroja.com.mx\/index.php?rest_route=\/wp\/v2\/media\/38454"}],"wp:attachment":[{"href":"https:\/\/zonaroja.com.mx\/index.php?rest_route=%2Fwp%2Fv2%2Fmedia&parent=38453"}],"wp:term":[{"taxonomy":"category","embeddable":true,"href":"https:\/\/zonaroja.com.mx\/index.php?rest_route=%2Fwp%2Fv2%2Fcategories&post=38453"},{"taxonomy":"post_tag","embeddable":true,"href":"https:\/\/zonaroja.com.mx\/index.php?rest_route=%2Fwp%2Fv2%2Ftags&post=38453"}],"curies":[{"name":"wp","href":"https:\/\/api.w.org\/{rel}","templated":true}]}}