{"id":38456,"date":"2022-03-07T07:46:28","date_gmt":"2022-03-07T13:46:28","guid":{"rendered":"http:\/\/www.zonaroja.com.mx\/?p=38456"},"modified":"2022-03-07T07:46:30","modified_gmt":"2022-03-07T13:46:30","slug":"asesinan-a-un-individuo-en-santa-lucia-del-camino-y-a-otro-en-pochutla","status":"publish","type":"post","link":"https:\/\/zonaroja.com.mx\/?p=38456","title":{"rendered":"Asesinan a un individuo en Santa Luc\u00eda del Camino y a otro en Pochutla"},"content":{"rendered":"\n<p>Ismael Garc\u00eda M.\/Zona Roja.<\/p>\n\n\n\n<p>Oaxaca de Ju\u00e1rez, Oax., 7 de marzo de 2022.- Dos personas fueron asesinadas en menos de 12 horas en el estado de Oaxaca.<\/p>\n\n\n\n<p>El m\u00e1s reciente crimen ocurri\u00f3 la madrugada de este lunes en la avenida Ferrocarril, colonia Nacional, de Santa Luc\u00eda del Camino, en el exterior del antro \u201cBaraimitas\u201d.<\/p>\n\n\n\n<p>Presuntamente derivado de una ri\u00f1a, un individuo a\u00fan no identificado atac\u00f3 con un arma blanca a un guardia de seguridad, identificado como Marino N., quien muri\u00f3 en el lugar pese a la atenci\u00f3n m\u00e9dica.<\/p>\n\n\n\n<figure class=\"wp-block-embed is-type-rich is-provider-twitter wp-block-embed-twitter\"><div class=\"wp-block-embed__wrapper\">\n<div class=\"twitter-tweet\"><blockquote class=\"twitter-tweet\" data-lang=\"es\"><p lang=\"es\" dir=\"ltr\"><a href=\"https:\/\/twitter.com\/hashtag\/OaxacaRojo?src=hash&amp;ref_src=twsrc%5Etfw\">#OaxacaRojo<\/a><br>Un guardia de seguridad identificado como Marino N., fue asesinado la madrugada de este lunes en el exterior del centro nocturno \u201cBaraimitas\u201d, ubicado en la colonia Nacional de Santa Luc\u00eda del Camino, municipio conurbado a la capital de <a href=\"https:\/\/twitter.com\/hashtag\/Oaxaca?src=hash&amp;ref_src=twsrc%5Etfw\">#Oaxaca<\/a>. <a href=\"https:\/\/t.co\/zA7BB55fCY\">pic.twitter.com\/zA7BB55fCY<\/a><\/p>&mdash; Zona Roja Oaxaca (@ZonaRoja_Oaxaca) <a href=\"https:\/\/twitter.com\/ZonaRoja_Oaxaca\/status\/1500824259458969600?ref_src=twsrc%5Etfw\">7 de marzo de 2022<\/a><\/blockquote><\/div>\n<\/div><\/figure>\n\n\n\n<p>Mientras tanto, ayer por la tarde en San Pedro Pochutla, un individuo fue ultimado con machete, en la comunidad de Las Palmas.<\/p>\n\n\n\n<p>La v\u00edctima fue identificada como Lauro, quien fue trasladado al hospital de la cabecera municipal, donde perdi\u00f3 la vida debido a la gravedad de las heridas.&nbsp;<\/p>\n\n\n\n<p>Tambi\u00e9n en Pochutla pero en la comunidad de Apanone, una hombre fue atacado a balazos, por lo cual fue trasladado a un nosocomio, donde lo reportan estable de salud.<\/p>\n\n\n\n<figure class=\"wp-block-embed is-type-rich is-provider-twitter wp-block-embed-twitter\"><div class=\"wp-block-embed__wrapper\">\n<div class=\"twitter-tweet\"><blockquote class=\"twitter-tweet\" data-lang=\"es\"><p lang=\"es\" dir=\"ltr\"><a href=\"https:\/\/twitter.com\/hashtag\/%C3%9AltimoMinuto?src=hash&amp;ref_src=twsrc%5Etfw\">#\u00daltimoMinuto<\/a> <br>Una persona fallecida y una lesionada, saldo preliminar de un accidente vehicular en la carretera Oaxaca-Istmo,en jurisdicci\u00f3n de Santa Mar\u00eda El Tule. <br>En otro accidente en la agencia de Santa Rosa Panzacola,ciudad de Oaxaca, el chofer muri\u00f3 aplastado por una pipa. <a href=\"https:\/\/t.co\/w20G2MdbDF\">pic.twitter.com\/w20G2MdbDF<\/a><\/p>&mdash; Zona Roja Oaxaca (@ZonaRoja_Oaxaca) <a href=\"https:\/\/twitter.com\/ZonaRoja_Oaxaca\/status\/1500625422861668353?ref_src=twsrc%5Etfw\">7 de marzo de 2022<\/a><\/blockquote><\/div>\n<\/div><\/figure>\n\n\n\n<p>En tanto, dos personas murieron ayer por accidentes, una en la colonia Vista Hermosa, en la agencia de Santa Rosa Panzacola de la ciudad de Oaxaca, donde muri\u00f3 el chofer aplastado por una pipa.<\/p>\n\n\n\n<p>En la carretera federal 190 Oaxaca-Istmo, a la altura del libramiento de Santa Maria El Tule, dos personas en motocicleta se estamparon con la parte trasera de una camioneta; una mujer muri\u00f3 en el lugar mientras que el var\u00f3n qued\u00f3 gravemente lesionado y con la pierna cercenada, por lo cual fue llevado, en calidad de detenido, a un hospital de la ciudad de Oaxaca.<\/p>\n","protected":false},"excerpt":{"rendered":"<p>Ismael Garc\u00eda M.\/Zona Roja. Oaxaca de Ju\u00e1rez, Oax., 7 de marzo de 2022.- Dos personas&hellip;<\/p>\n","protected":false},"author":2,"featured_media":38457,"comment_status":"closed","ping_status":"open","sticky":false,"template":"","format":"standard","meta":{"_lmt_disableupdate":"","_lmt_disable":"","_jetpack_memberships_contains_paid_content":false,"footnotes":""},"categories":[109,51],"tags":[337],"class_list":["post-38456","post","type-post","status-publish","format-standard","has-post-thumbnail","hentry","category-minuto-a-minuto","category-zona-roja","tag-santa-lucia-del-camino"],"jetpack_featured_media_url":"https:\/\/zonaroja.com.mx\/wp-content\/uploads\/2022\/03\/Asesinado-Santa-Lucia-del-Camino.jpg","jetpack_sharing_enabled":true,"_links":{"self":[{"href":"https:\/\/zonaroja.com.mx\/index.php?rest_route=\/wp\/v2\/posts\/38456","targetHints":{"allow":["GET"]}}],"collection":[{"href":"https:\/\/zonaroja.com.mx\/index.php?rest_route=\/wp\/v2\/posts"}],"about":[{"href":"https:\/\/zonaroja.com.mx\/index.php?rest_route=\/wp\/v2\/types\/post"}],"author":[{"embeddable":true,"href":"https:\/\/zonaroja.com.mx\/index.php?rest_route=\/wp\/v2\/users\/2"}],"replies":[{"embeddable":true,"href":"https:\/\/zonaroja.com.mx\/index.php?rest_route=%2Fwp%2Fv2%2Fcomments&post=38456"}],"version-history":[{"count":1,"href":"https:\/\/zonaroja.com.mx\/index.php?rest_route=\/wp\/v2\/posts\/38456\/revisions"}],"predecessor-version":[{"id":38458,"href":"https:\/\/zonaroja.com.mx\/index.php?rest_route=\/wp\/v2\/posts\/38456\/revisions\/38458"}],"wp:featuredmedia":[{"embeddable":true,"href":"https:\/\/zonaroja.com.mx\/index.php?rest_route=\/wp\/v2\/media\/38457"}],"wp:attachment":[{"href":"https:\/\/zonaroja.com.mx\/index.php?rest_route=%2Fwp%2Fv2%2Fmedia&parent=38456"}],"wp:term":[{"taxonomy":"category","embeddable":true,"href":"https:\/\/zonaroja.com.mx\/index.php?rest_route=%2Fwp%2Fv2%2Fcategories&post=38456"},{"taxonomy":"post_tag","embeddable":true,"href":"https:\/\/zonaroja.com.mx\/index.php?rest_route=%2Fwp%2Fv2%2Ftags&post=38456"}],"curies":[{"name":"wp","href":"https:\/\/api.w.org\/{rel}","templated":true}]}}