{"id":38459,"date":"2022-03-07T08:14:38","date_gmt":"2022-03-07T14:14:38","guid":{"rendered":"http:\/\/www.zonaroja.com.mx\/?p=38459"},"modified":"2022-03-07T08:14:40","modified_gmt":"2022-03-07T14:14:40","slug":"que-tiene-la-4t-contra-los-periodistas-en-mexico","status":"publish","type":"post","link":"https:\/\/zonaroja.com.mx\/?p=38459","title":{"rendered":"\u00bfQu\u00e9 tiene la 4T contra los periodistas en M\u00e9xico?"},"content":{"rendered":"\n<p>Ismael Garc\u00eda M.\/Zona Roja.<\/p>\n\n\n\n<p>Oaxaca de Ju\u00e1rez, Oax., 7 de marzo de 2022.- No queda claro si es porque son intolerantes a la cr\u00edtica, o porque realmente son transparentes e impolutos, por lo cual consideran agravios los se\u00f1alamientos de la prensa en contra del gobierno.<\/p>\n\n\n\n<p>El caso es que en la llamada por los morenistas como Cuarta Transformaci\u00f3n de M\u00e9xico, los ataques y asesinatos en contra de la prensa, son cada vez m\u00e1s crecientes.<\/p>\n\n\n\n<p>Y vino Mario Delgado a Oaxaca, dirigente nacional de Morena, y remat\u00f3 el escenario, al llamar \u201cmercenarios de los medios de comunicaci\u00f3n\u201d a los periodistas, declaraci\u00f3n que hizo el pasado s\u00e1bado en la capital y que gener\u00f3 rechazos y ola de cr\u00edticas por parte de los comunicadores de la entidad.<\/p>\n\n\n\n<p>No es para menos, el clima de crispaci\u00f3n social, la imparable ola de violencia desde del crimen organizado y otros grupos delictivos, as\u00ed como la verborrea descalificativa desde el p\u00falpito nacional por parte del Presidente Andr\u00e9s Manuel L\u00f3pez Obrador, ha creado un escenario perfecto para acallar a la prensa.<\/p>\n\n\n\n<p>No lo dice uno o algunos periodistas \u2014que, por ejemplo, cotidianamente son satanizados en cadena nacional por el mandatario mexicano, surgido de Morena\u2014, sino las cifras de los hechos.<\/p>\n\n\n\n<p>Apenas el pasado 4 de marzo, en Fresnillo, Zacatecas, fue asesinado el s\u00e9ptimo periodista en lo que va de este a\u00f1o.<\/p>\n\n\n\n<p>En poco m\u00e1s de tres a\u00f1os, suman 59 cr\u00edmenes con Andr\u00e9s Manuel L\u00f3pez Obrador, en su gran mayor\u00eda en la impunidad; de las agresiones, son incontables, pues pr\u00e1cticamente todos los d\u00edas hay un ataque a comunicadores, que muchas veces no es denunciado debido a la ineficiente actuaci\u00f3n de las fiscal\u00edas.<\/p>\n\n\n\n<p>De acuerdo con la organizaci\u00f3n Art\u00edculo 19, el gobierno de Felipe Calder\u00f3n report\u00f3 48 cr\u00edmenes en todo su sexenio y 47 en el de Enrique Pe\u00f1a Nieto.<\/p>\n\n\n\n<p>Seg\u00fan el Mecanismo de Protecci\u00f3n para Personas Defensoras de Derechos Humanos y Periodistas, de la Secretar\u00eda de Gobernaci\u00f3n, se registr\u00f3 un incremento del 88% de las personas afiliadas, pasando de 798 en 2018 a mil 506 a finales del a\u00f1o pasado; de \u00e9stas, 495 son periodistas.<\/p>\n\n\n\n<p>\u00bfQU\u00c9 PASA?<\/p>\n\n\n\n<p>La cr\u00edtica, a nuestra consideraci\u00f3n, sigue siendo la misma en M\u00e9xico, al igual que en sexenios anteriores.<\/p>\n\n\n\n<p>Quiz\u00e1 la diferencia estriba en que la Presidencia de la Rep\u00fablica, entregaba que en sexenios anteriores, multimillonarios contratos publicitarios y otras prebendas, que s\u00f3lo iban a parar a las cuentas de los due\u00f1os o socios de los corporativos m\u00e1s importantes.<\/p>\n\n\n\n<p>Jam\u00e1s se reflejaron en el trabajador del medio informativo, as\u00ed sea Televisa, Tv Azteca, \u201cReforma\u201d, \u201cEl Universal\u201d, \u201cLa Jornada\u201d, \u201cMilenio\u201d, por citar algunos de los m\u00e1s importantes del pa\u00eds.<\/p>\n\n\n\n<p>Pero sucede igual con L\u00f3pez Obrador; ya no reparte a diestra y a siniestra el dinero destinado a comunicaci\u00f3n social, pero tiene a sus medios privilegiados, como \u201cLa Jornada\u201d, Televisa, Tv Azteca, entre otros.&nbsp;<\/p>\n\n\n\n<p>As\u00ed que, pues no hay mucha diferencia m\u00e1s que los due\u00f1os de los medios que ahora no reciben cuantiosas cantidades de dinero, ahora son m\u00e1s furibundos en sus ataques, principalmente a trav\u00e9s de art\u00edculos de opini\u00f3n.<\/p>\n\n\n\n<p>S\u00f3lo que, desde la \u201cma\u00f1anera\u201d, no hay d\u00eda en que el Presidente de M\u00e9xico generalice en sus ataques contra la prensa, aunque despu\u00e9s minimice que se trate de unos cuantos.<\/p>\n\n\n\n<p>\u201cLos a\u00f1os m\u00e1s mort\u00edferos en \u00e9pocas recientes fueron el 2016 y el 2017, cuando se registraron, respectivamente, 11 y 12 asesinatos de reporteros. Pero este sexenio muestra malos augurios. En nada ayuda la cruzada contra la prensa del presidente, cuyos discursos diarios ponen a los profesionales en mal lugar de forma recurrente\u201d, difundi\u00f3 el diario espa\u00f1ol \u201cEl Pa\u00eds\u201d recientemente.<\/p>\n\n\n\n<p>\u00bfY OAXACA?<\/p>\n\n\n\n<p>La mayor\u00eda de los gobiernos priistas que ha tenido Oaxaca, incluyendo el de Alejandro Murat, no ha podido o no ha querido frenar la violencia en contra de los comunicadores.<\/p>\n\n\n\n<p>Apenas el pasado 12 de febrero asesinaron al periodista H\u00e9ber L\u00f3pez en Salina Cruz; del caso s\u00f3lo hay dos detenidos, por parte de la polic\u00eda municipal, pero que presumi\u00f3 el Gobierno del Estado y la Fiscal\u00eda General a nivel nacional.<\/p>\n\n\n\n<p>El a\u00f1o pasado fue ultimado a balazos otro comunicador en el Istmo, Gustavo S\u00e1nchez Cabrera, en Tehuantepec.<\/p>\n\n\n\n<p>En los \u00faltimos tres a\u00f1os, Art\u00edculo 19 document\u00f3 108 ataques contra la prensa en v\u00ednculo con su labor en Oaxaca.&nbsp;La entidad se ubica en los primeros cinco lugares a nivel nacional por el n\u00famero de asesinatos.<\/p>\n\n\n\n<p>La impunidad reina en todos los casos y pruebas hay muchas; ni con Rub\u00e9n Vasconcelos ni con Arturo Peimbert en la Fiscal\u00eda General, ha habido resultados.<\/p>\n\n\n\n<p>Tras el crimen de H\u00e9ber L\u00f3pez, luego m\u00e1s de cinco a\u00f1os de ignorarlos, el pasado 15 de febrero el gobernador se reuni\u00f3 con un selecto grupo de periodistas, ya noche, para presentar \u201cpropuestas\u201d a fin de enfrentar la problem\u00e1tica.<\/p>\n\n\n\n<p>Se habl\u00f3 de un fideicomiso, mientras que el fiscal Peimbert anunci\u00f3 que se crear\u00eda una fiscal\u00eda especial, pero obvi\u00f3 o no supo que ya existe una unidad especializada\u2026 que ha tenido nulos resultados.&nbsp;<\/p>\n\n\n\n<p>Llamarada de petate de esa reuni\u00f3n pues a casi un mes, las autoridades estatales olvidaron su iniciativa\u2026 que retomar\u00e1n otra vez medi\u00e1ticamente hasta que haya otro hecho lamentable.<\/p>\n\n\n\n<p>Por otra parte, no hay en absoluto una pol\u00edtica de comunicaci\u00f3n social, ni con Alfonso Mart\u00ednez ni con Francisco Vallejo, defe\u00f1os ambos, que no conocen a la prensa local y que s\u00f3lo destinaron cuantiosas cantidades millonarias a medios informativos de la ciudad de M\u00e9xico, incluyendo unos que crearon ex profeso.<\/p>\n\n\n\n<p>\u00bfLos diputados? Dos legislaturas con mayor\u00eda morenista han pasado y todos han obviado, al igual que trienios anteriores, las m\u00faltiples iniciativas archivadas para actualizar leyes de protecci\u00f3n a periodistas.<\/p>\n\n\n\n<p>LA UNI\u00d3N<\/p>\n\n\n\n<p>Frente a ese cruel escenario, de desidia gubernamental y de violencia, ha surgido una iniciativa de comunicadores, sin distinto de ning\u00fan tipo ni mucho menos siglas, para unirse, primero para protestar.<\/p>\n\n\n\n<p>Despu\u00e9s, para comenzar a organizarse e impulsar diversas propuestas que permitan la autoprotecci\u00f3n y el reclamo formal.<\/p>\n\n\n\n<p>Por lo pronto, la prensa oaxaque\u00f1a, las y los periodistas, ya no aceptar\u00e1n m\u00e1s agravios y la prueba la recibi\u00f3 Mario Delgado el pasado fin de semana. Como suceder\u00e1 en los pr\u00f3ximos d\u00edas cuando haya respuestas contundentes de los comunicadores de la entidad.<\/p>\n","protected":false},"excerpt":{"rendered":"<p>Ismael Garc\u00eda M.\/Zona Roja. Oaxaca de Ju\u00e1rez, Oax., 7 de marzo de 2022.- No queda&hellip;<\/p>\n","protected":false},"author":2,"featured_media":7610,"comment_status":"closed","ping_status":"open","sticky":false,"template":"","format":"standard","meta":{"_lmt_disableupdate":"","_lmt_disable":"","_jetpack_memberships_contains_paid_content":false,"footnotes":""},"categories":[456,109,48],"tags":[1353],"class_list":["post-38459","post","type-post","status-publish","format-standard","has-post-thumbnail","hentry","category-columna","category-minuto-a-minuto","category-zona-critica","tag-opinion-zona-critica"],"jetpack_featured_media_url":"https:\/\/zonaroja.com.mx\/wp-content\/uploads\/2020\/01\/Opini\u00f3n-Zona-Cr\u00edtica.jpg","jetpack_sharing_enabled":true,"_links":{"self":[{"href":"https:\/\/zonaroja.com.mx\/index.php?rest_route=\/wp\/v2\/posts\/38459","targetHints":{"allow":["GET"]}}],"collection":[{"href":"https:\/\/zonaroja.com.mx\/index.php?rest_route=\/wp\/v2\/posts"}],"about":[{"href":"https:\/\/zonaroja.com.mx\/index.php?rest_route=\/wp\/v2\/types\/post"}],"author":[{"embeddable":true,"href":"https:\/\/zonaroja.com.mx\/index.php?rest_route=\/wp\/v2\/users\/2"}],"replies":[{"embeddable":true,"href":"https:\/\/zonaroja.com.mx\/index.php?rest_route=%2Fwp%2Fv2%2Fcomments&post=38459"}],"version-history":[{"count":1,"href":"https:\/\/zonaroja.com.mx\/index.php?rest_route=\/wp\/v2\/posts\/38459\/revisions"}],"predecessor-version":[{"id":38460,"href":"https:\/\/zonaroja.com.mx\/index.php?rest_route=\/wp\/v2\/posts\/38459\/revisions\/38460"}],"wp:featuredmedia":[{"embeddable":true,"href":"https:\/\/zonaroja.com.mx\/index.php?rest_route=\/wp\/v2\/media\/7610"}],"wp:attachment":[{"href":"https:\/\/zonaroja.com.mx\/index.php?rest_route=%2Fwp%2Fv2%2Fmedia&parent=38459"}],"wp:term":[{"taxonomy":"category","embeddable":true,"href":"https:\/\/zonaroja.com.mx\/index.php?rest_route=%2Fwp%2Fv2%2Fcategories&post=38459"},{"taxonomy":"post_tag","embeddable":true,"href":"https:\/\/zonaroja.com.mx\/index.php?rest_route=%2Fwp%2Fv2%2Ftags&post=38459"}],"curies":[{"name":"wp","href":"https:\/\/api.w.org\/{rel}","templated":true}]}}