{"id":38463,"date":"2022-03-07T08:31:45","date_gmt":"2022-03-07T14:31:45","guid":{"rendered":"http:\/\/www.zonaroja.com.mx\/?p=38463"},"modified":"2022-03-07T08:31:46","modified_gmt":"2022-03-07T14:31:46","slug":"oaxaca-el-tercero-con-mas-defunciones-en-tercer-trimestre-del-2021","status":"publish","type":"post","link":"https:\/\/zonaroja.com.mx\/?p=38463","title":{"rendered":"Oaxaca, el tercero con m\u00e1s defunciones en tercer trimestre del 2021"},"content":{"rendered":"\n<p>Yuridiana Sosa\/Zona Roja<\/p>\n\n\n\n<p>Oaxaca de Ju\u00e1rez, Oax., 7 de marzo de 2022.- Por la cantidad de defunciones registradas durante el periodo de enero a septiembre y de julio a septiembre de 2021, Oaxaca sobresali\u00f3 entre los siete primeros lugares y el tercero con m\u00e1s muertes de personas, entre las causas, se encuentra el Covid-19.<\/p>\n\n\n\n<p>El Instituto Nacional de Geograf\u00eda y Estad\u00edstica (Inegi) dio a conocer resultados preliminares sobre las defunciones registradas en los primeros nueve meses del 2021 en M\u00e9xico, en las que tambi\u00e9n contempla el exceso de mortalidad durante ese periodo.<\/p>\n\n\n\n<p>Entre julio y septiembre de 2021 los estados con las tasas m\u00e1s altas de defunciones registradas por cada 10 mil habitantes fueron Colima con 35.08; Veracruz de Ignacio de la Llave 32.41; Oaxaca, 30.65 y Campeche con 28.35.<\/p>\n\n\n\n<p>Mientras que en el periodo de enero a septiembre, de la tasa de defunciones registradas y ocurridas por cada 10 mil habitantes por entidad federativa de ocurrencia, Oaxaca registr\u00f3 un 70.77, ocupando el sexto lugar y el s\u00e9ptimo, con 72.37 por residencia habitual de las personas fallecidas.<\/p>\n\n\n\n<p>El estudio preliminar presenta estad\u00edsticas de exceso de mortalidad por todas las causas de muerte, pero que tiene como finalidad describir el exceso de mortalidad observado en el pa\u00eds entre enero de 2020 y septiembre de 2021 como resultado de la pandemia generada por el virus SARS-CoV-2, causante de Covid-19.<\/p>\n\n\n\n<p>Ante esas mediciones, en el periodo de la semana epidemiol\u00f3gica 01 de 2020 a la 38 de 2021, en Oaxaca se present\u00f3 un 37.8 por ciento de exceso de mortalidad.<\/p>\n\n\n\n<p>Las cifras esperadas en ese periodo eran de 45 mil 382 fallecimientos, pero ocurrieron 62 mil 528, con un exceso de 17 mil 146.<\/p>\n\n\n\n<p>El Inegi inform\u00f3 que la publicaci\u00f3n definitiva de las defunciones registradas en 2021 se realizar\u00e1 en octubre de 2022 y considerar\u00e1 las provocadas el Covid-19.<\/p>\n\n\n\n<p>MUERTES NACIONALES<br>En M\u00e9xico, entre enero y septiembre de 2021, se contabilizaron en forma preliminar 877 mil 824 defunciones registradas, lo cual es superior en 99 mil 888 defunciones ocurridas en el mismo periodo de 2020.<\/p>\n\n\n\n<p>Las defunciones registradas de julio a septiembre de 2021 fueron 298 mil 11. En tanto que, de 2020 a 2021, las tasas de defunciones por cada mil &nbsp;habitantes comienzan a presentar mayores diferencias a partir del grupo de edad de 45 a 54 a\u00f1os y en adelante.<\/p>\n\n\n\n<p>De las personas fallecidas, 57.8 por ciento fueron hombres y 42.05 por ciento mujeres. En 526 casos no se especific\u00f3 el sexo.<\/p>\n","protected":false},"excerpt":{"rendered":"<p>Yuridiana Sosa\/Zona Roja Oaxaca de Ju\u00e1rez, Oax., 7 de marzo de 2022.- Por la cantidad&hellip;<\/p>\n","protected":false},"author":2,"featured_media":17545,"comment_status":"closed","ping_status":"open","sticky":false,"template":"","format":"standard","meta":{"_lmt_disableupdate":"","_lmt_disable":"","_jetpack_memberships_contains_paid_content":false,"footnotes":""},"categories":[109,47],"tags":[1512],"class_list":["post-38463","post","type-post","status-publish","format-standard","has-post-thumbnail","hentry","category-minuto-a-minuto","category-zona-gris","tag-coronavirus-oaxaca"],"jetpack_featured_media_url":"https:\/\/zonaroja.com.mx\/wp-content\/uploads\/2020\/09\/Muerte-Covid-19.jpg","jetpack_sharing_enabled":true,"_links":{"self":[{"href":"https:\/\/zonaroja.com.mx\/index.php?rest_route=\/wp\/v2\/posts\/38463","targetHints":{"allow":["GET"]}}],"collection":[{"href":"https:\/\/zonaroja.com.mx\/index.php?rest_route=\/wp\/v2\/posts"}],"about":[{"href":"https:\/\/zonaroja.com.mx\/index.php?rest_route=\/wp\/v2\/types\/post"}],"author":[{"embeddable":true,"href":"https:\/\/zonaroja.com.mx\/index.php?rest_route=\/wp\/v2\/users\/2"}],"replies":[{"embeddable":true,"href":"https:\/\/zonaroja.com.mx\/index.php?rest_route=%2Fwp%2Fv2%2Fcomments&post=38463"}],"version-history":[{"count":1,"href":"https:\/\/zonaroja.com.mx\/index.php?rest_route=\/wp\/v2\/posts\/38463\/revisions"}],"predecessor-version":[{"id":38464,"href":"https:\/\/zonaroja.com.mx\/index.php?rest_route=\/wp\/v2\/posts\/38463\/revisions\/38464"}],"wp:featuredmedia":[{"embeddable":true,"href":"https:\/\/zonaroja.com.mx\/index.php?rest_route=\/wp\/v2\/media\/17545"}],"wp:attachment":[{"href":"https:\/\/zonaroja.com.mx\/index.php?rest_route=%2Fwp%2Fv2%2Fmedia&parent=38463"}],"wp:term":[{"taxonomy":"category","embeddable":true,"href":"https:\/\/zonaroja.com.mx\/index.php?rest_route=%2Fwp%2Fv2%2Fcategories&post=38463"},{"taxonomy":"post_tag","embeddable":true,"href":"https:\/\/zonaroja.com.mx\/index.php?rest_route=%2Fwp%2Fv2%2Ftags&post=38463"}],"curies":[{"name":"wp","href":"https:\/\/api.w.org\/{rel}","templated":true}]}}