{"id":38468,"date":"2022-03-07T13:59:21","date_gmt":"2022-03-07T19:59:21","guid":{"rendered":"https:\/\/www.zonaroja.com.mx\/?p=38468"},"modified":"2022-03-07T14:02:48","modified_gmt":"2022-03-07T20:02:48","slug":"violenta-manifestacion-en-oaxaca-horror-y-caos-invaden-las-calles-2","status":"publish","type":"post","link":"https:\/\/zonaroja.com.mx\/?p=38468","title":{"rendered":"Violenta manifestaci\u00f3n en Oaxaca; horror y caos invaden las calles"},"content":{"rendered":"\n<p>Yuridiana Sosa\/Zona Roja. Foto: Max N\u00fa\u00f1ez <\/p>\n\n\n\n<p>Oaxaca de Ju\u00e1rez, Oax., 7 de marzo de 2022.- Nadie se libr\u00f3, ni la Guardia Nacional, de la violenta manifestaci\u00f3n que encabeza la Uni\u00f3n de Ayuntamientos de la Sierra Sur (UASS), en la capital, zona conurbada y en Ciudad Administrativa.&nbsp;<\/p>\n\n\n\n<p>Armados con palos, machetes, resorteras, piedras y mucha ira, habitantes y autoridades de esta uni\u00f3n, integrada por al menos ocho comunidades, arribaron a los Valles Centrales para realizar una serie de bloqueos, donde causaron m\u00faltiples da\u00f1os a la poblaci\u00f3n.<\/p>\n\n\n\n<p>Desde las primeras horas de su violenta jornada agredieron a elementos de la Guardia Nacional sobre la carretera federal 175, en inmediaciones del aeropuerto Internacional \u201cBenito Ju\u00e1rez\u201d, en Santa Cruz Xoxocotl\u00e1n, donde instalaron un bloqueo y tambi\u00e9n prendieron fuego a llantas.<\/p>\n\n\n\n<p>&nbsp;De inmediato, surgi\u00f3 el temor de la poblaci\u00f3n sobre la presencia de este grupo que tambi\u00e9n lanz\u00f3 pedradas con resorteras a los periodistas que cubr\u00edan la actividad, para evitar el registro de da\u00f1os, al igual que a motociclistas que pasaban por el lugar.<\/p>\n\n\n\n<p>Mientras que algunos automovilistas que se aproximaron, por error, tambi\u00e9n sufrieron da\u00f1os a sus unidades, como ocurri\u00f3 en el bloqueo en calzada H\u00e9roes de Chapultepec, frente a la terminal de ADO.<\/p>\n\n\n\n<p>Atravesar era imposible; acercarse era motivo de ataque por las autoridades de San Lorenzo Texmelucan, San Jacinto Tlacotepec, Santo Domingo Teojomulco, Santa Mar\u00eda Sola, San Ildefonso Sola, Santa Cruz Zenzontepec, Santiago Minas, Santiago Xochiltepec, Santa Mar\u00eda Zaniza y Santiago Amoltepec.<\/p>\n\n\n\n<p>Hoy, ninguna de estas autoridades expres\u00f3 su inconformidad, sus demandas, pero s\u00ed dej\u00f3 claro tambi\u00e9n su hartazgo contra las autoridades estatales y la falta de pol\u00edtica de la Secretar\u00eda General de Gobierno para evitar o contener estas acciones.&nbsp;<\/p>\n\n\n\n<p>DESTROZOS Y TERROR<\/p>\n\n\n\n<p>La violencia lleg\u00f3 al complejo de Ciudad Administrativa, en Tlalixtac de Cabrera, donde primero instalaron un bloqueo en la carretera federal 190, antes de llegar al complejo de gobierno.<\/p>\n\n\n\n<p>En el interior el terror se extendi\u00f3 entre los trabajadores, que recurrieron a encerrarse en los ba\u00f1os para no ser alcanzados por las agresiones que causaban los manifestantes; entre los reportes se inform\u00f3 sobre el robo de pertenencias.<\/p>\n\n\n\n<p>Puertas y canceler\u00eda de cristal del complejo fueron destrozados; especialmente en el edificio 8, pero tambi\u00e9n veh\u00edculos sobre el estacionamiento, en el interior de Ciudad Administrativa fueron paliados, parabrisas rotos, espejos y carrocer\u00eda de las unidades resultaron con afectaciones.&nbsp;<\/p>\n\n\n\n<p>Sobre los cruceros de Cinco Se\u00f1ores, estadio de b\u00e9isbol, calle de Derechos Humanos, tambi\u00e9n se instalaron para cerrar el paso y empeorar el caos en la ciudad.<\/p>\n\n\n\n<p>ATIENDEN PROTESTAS<\/p>\n\n\n\n<p>El gobernador Alejandro Murat Hinojosa emiti\u00f3 un mensaje sobre la manifestaci\u00f3n, en la que se limit\u00f3 a indicar que seguir\u00e1n en atenci\u00f3n de las demandas de las autoridades por medio del di\u00e1logo, y con quienes ya hab\u00eda tenido comunicaci\u00f3n.&nbsp;<\/p>\n\n\n\n<p>Resalt\u00f3 que mantiene un di\u00e1logo permanente y abierto, \u201csin necesidad de manifestaciones en la calle\u201d, pero omiti\u00f3 indicar sobre posibles sanciones por los cuantiosos da\u00f1os materiales y de derechos humanos a los ciudadanos oaxaque\u00f1os.<\/p>\n\n\n\n<p>OTRAS MANIFESTACIONES<\/p>\n\n\n\n<p>Normalistas y profesores de la Secci\u00f3n 22 del Sindicato Nacional de Trabajadores de la Educaci\u00f3n (SNTE) tambi\u00e9n realizaron sus propias manifestaciones, por separado. &nbsp;<\/p>\n\n\n\n<p>Los docentes retuvieron urbanos para cerrar el paso en el crucero de \u201cFonapas\u201d, de la avenida Ju\u00e1rez, carretera 190 y calzada Porfirio D\u00edaz para exigir pagos de incidencias y regularizaci\u00f3n de claves.&nbsp;<\/p>\n\n\n\n<p>Mientras que los estudiantes ahora \u201ctomaron\u201d las oficinas de la Junta Local de Conciliaci\u00f3n y Arbitraje y aunque su protesta fue de menor intensidad&nbsp;este lunes, sus constantes movilizaciones ya causaron la irritaci\u00f3n ciudadana y hasta de los mismos profesores.<\/p>\n\n\n\n<p>\u201c\u00a1Puro huev\u00f3n! \u00a1Soy maestra pero no de su generaci\u00f3n tonta! \u00a1Porque eso son, unos burros!\u201d expres\u00f3 una maestra, quien sufre del bloqueo de calles que los estudiantes realizan con frecuencia.&nbsp;<\/p>\n\n\n\n<p>A esta ola de manifestaciones, se unieron integrantes del Sindicato de Trabajadores del Telebachillerato Comunitario del Estado de Oaxaca (SUTTCEO),que bloquearon la avenida Ju\u00e1rez, frente a Casa Oficial; adem\u00e1s, de docentes del Colegio Superior para la Educaci\u00f3n Integral Intercultural de Oaxaca (CSIIO), que exigen condiciones para el regreso a clases y que por un momento obstruyeron el paso en el bulevar Eduardo Vasconcelos.<\/p>\n\n\n\n<p>Por su parte, el Consejo Ind\u00edgena Popular de Oaxaca \u201cRicardo Flores Mag\u00f3n\u201d anunci\u00f3 en conferencia de prensa que para este ocho y nueve de marzo realizar\u00e1 jornadas de protestas, con marcha y plant\u00f3n en conmemoraci\u00f3n del D\u00eda Internacional de la Mujer.<\/p>\n","protected":false},"excerpt":{"rendered":"<p>Yuridiana Sosa\/Zona Roja. Foto: Max N\u00fa\u00f1ez Oaxaca de Ju\u00e1rez, Oax., 7 de marzo de 2022.-&hellip;<\/p>\n","protected":false},"author":2,"featured_media":38465,"comment_status":"closed","ping_status":"open","sticky":false,"template":"","format":"standard","meta":{"_lmt_disableupdate":"","_lmt_disable":"","_jetpack_memberships_contains_paid_content":false,"footnotes":""},"categories":[109,47],"tags":[],"class_list":["post-38468","post","type-post","status-publish","format-standard","has-post-thumbnail","hentry","category-minuto-a-minuto","category-zona-gris"],"jetpack_featured_media_url":"https:\/\/zonaroja.com.mx\/wp-content\/uploads\/2022\/03\/90c6a412-6a23-4535-bf76-cdfe038191fd.jpg","jetpack_sharing_enabled":true,"_links":{"self":[{"href":"https:\/\/zonaroja.com.mx\/index.php?rest_route=\/wp\/v2\/posts\/38468","targetHints":{"allow":["GET"]}}],"collection":[{"href":"https:\/\/zonaroja.com.mx\/index.php?rest_route=\/wp\/v2\/posts"}],"about":[{"href":"https:\/\/zonaroja.com.mx\/index.php?rest_route=\/wp\/v2\/types\/post"}],"author":[{"embeddable":true,"href":"https:\/\/zonaroja.com.mx\/index.php?rest_route=\/wp\/v2\/users\/2"}],"replies":[{"embeddable":true,"href":"https:\/\/zonaroja.com.mx\/index.php?rest_route=%2Fwp%2Fv2%2Fcomments&post=38468"}],"version-history":[{"count":1,"href":"https:\/\/zonaroja.com.mx\/index.php?rest_route=\/wp\/v2\/posts\/38468\/revisions"}],"predecessor-version":[{"id":38469,"href":"https:\/\/zonaroja.com.mx\/index.php?rest_route=\/wp\/v2\/posts\/38468\/revisions\/38469"}],"wp:featuredmedia":[{"embeddable":true,"href":"https:\/\/zonaroja.com.mx\/index.php?rest_route=\/wp\/v2\/media\/38465"}],"wp:attachment":[{"href":"https:\/\/zonaroja.com.mx\/index.php?rest_route=%2Fwp%2Fv2%2Fmedia&parent=38468"}],"wp:term":[{"taxonomy":"category","embeddable":true,"href":"https:\/\/zonaroja.com.mx\/index.php?rest_route=%2Fwp%2Fv2%2Fcategories&post=38468"},{"taxonomy":"post_tag","embeddable":true,"href":"https:\/\/zonaroja.com.mx\/index.php?rest_route=%2Fwp%2Fv2%2Ftags&post=38468"}],"curies":[{"name":"wp","href":"https:\/\/api.w.org\/{rel}","templated":true}]}}