{"id":38470,"date":"2022-03-07T16:45:44","date_gmt":"2022-03-07T22:45:44","guid":{"rendered":"http:\/\/www.zonaroja.com.mx\/?p=38470"},"modified":"2022-03-07T16:45:48","modified_gmt":"2022-03-07T22:45:48","slug":"dia-de-perros-para-la-guardia-nacional-en-oaxaca-un-asesinado-y-dos-heridos","status":"publish","type":"post","link":"https:\/\/zonaroja.com.mx\/?p=38470","title":{"rendered":"D\u00eda de perros para la Guardia Nacional en Oaxaca: un asesinado y dos heridos"},"content":{"rendered":"\n<p>Redacci\u00f3n\/Zona Roja.<\/p>\n\n\n\n<p>Oaxaca de Ju\u00e1rez, Oax., 7 de marzo de 2022.- La barbarie alcanz\u00f3 a la Guardia Nacional en Oaxaca, con saldo de un elemento asesinado a balazos y dos m\u00e1s lesionados por golpes, en hechos distintos.<\/p>\n\n\n\n<p>Alrededor de las 07:30 horas, una unidad de dicha corporaci\u00f3n federal \u2014creada por el Presidente Andr\u00e9s Manuel L\u00f3pez Obrador supuestamente para frenar la ola delictiva en el pa\u00eds\u2014 efectu\u00f3 una revisi\u00f3n a un taxi for\u00e1neo, en la carretera federal 175 Oaxaca-Puerto \u00c1ngel, a la altura del pueblo de San Pedro M\u00e1rtir, Ocotl\u00e1n.<\/p>\n\n\n\n<p>Pero el taxista opuso resistencia y de inmediato sac\u00f3 un arma de fuego y dispar\u00f3 a la cabeza a un uniformado, que muri\u00f3 al instante; sus compa\u00f1eros reaccionaron y lograron detener a dos ocupantes del taxi del sitio \u201cLibertad\u201d de Miahuatl\u00e1n de Porfirio D\u00edaz.<\/p>\n\n\n\n<figure class=\"wp-block-embed is-type-rich is-provider-twitter wp-block-embed-twitter\"><div class=\"wp-block-embed__wrapper\">\n<div class=\"twitter-tweet\"><blockquote class=\"twitter-tweet\" data-lang=\"es\"><p lang=\"es\" dir=\"ltr\"><a href=\"https:\/\/twitter.com\/hashtag\/%C3%9AltimoMinuto?src=hash&amp;ref_src=twsrc%5Etfw\">#\u00daltimoMinuto<\/a> <br>De un disparo en la cabeza fue asesinado hoy un elemento de la Guardia Nacional por parte de un taxista, en la carretera federal 175 a la Costa, a la altura de San Pedro M\u00e1rtir, Ocotl\u00e1n, <a href=\"https:\/\/twitter.com\/hashtag\/Oaxaca?src=hash&amp;ref_src=twsrc%5Etfw\">#Oaxaca<\/a>. <a href=\"https:\/\/t.co\/7OQGwoNzPe\">pic.twitter.com\/7OQGwoNzPe<\/a><\/p>&mdash; Zona Roja Oaxaca (@ZonaRoja_Oaxaca) <a href=\"https:\/\/twitter.com\/ZonaRoja_Oaxaca\/status\/1500853120141869061?ref_src=twsrc%5Etfw\">7 de marzo de 2022<\/a><\/blockquote><\/div>\n<\/div><\/figure>\n\n\n\n<p>La v\u00edctima mortal fue identificada como Chac\u00f3n Rivas Eduardo, mientras que los dos detenidos, como Christian R. M., de 22 a\u00f1os de edad, chofer, originario de San Francisco Miahuatl\u00e1n, y Valent\u00edn V. A., de 32 a\u00f1os, de San Esteban Amatl\u00e1n.<\/p>\n\n\n\n<p>Tras ello, fueron puestos a custodia de la Polic\u00eda Estatal de Oaxaca y posteriormente puestos a disposici\u00f3n del Ministerio P\u00fablico.<\/p>\n\n\n\n<p>Momentos despu\u00e9s, en otro hecho, una patrulla de la Guardia Nacional intent\u00f3 cruzar un bloqueo de pobladores de la regi\u00f3n Sierra Sur, en el crucero de la v\u00eda federal con el aeropuerto internacional.<\/p>\n\n\n\n<p>Pero los pobladores irritados los detuvieron y los bajaron, golpearon a dos de ellos de manera salvaje, adem\u00e1s de da\u00f1ar la unidad oficial. Los elementos pudieron rescatar a sus compa\u00f1eros y trasladarlos al Hospital Civil \u201cDr. Aurelio Valdivieso\u201d de la ciudad de Oaxaca, donde los reportan delicados de salud.<\/p>\n\n\n\n<figure class=\"wp-block-embed is-type-rich is-provider-twitter wp-block-embed-twitter\"><div class=\"wp-block-embed__wrapper\">\n<div class=\"twitter-tweet\"><blockquote class=\"twitter-tweet\" data-lang=\"es\"><p lang=\"es\" dir=\"ltr\"><a href=\"https:\/\/twitter.com\/hashtag\/%C3%9AltimoMinuto?src=hash&amp;ref_src=twsrc%5Etfw\">#\u00daltimoMinuto<\/a> <br>Pobladores de la Sierra Sur, entre ellos Santo Domingo Teojomulco, sitian la ciudad de <a href=\"https:\/\/twitter.com\/hashtag\/Oaxaca?src=hash&amp;ref_src=twsrc%5Etfw\">#Oaxaca<\/a> y zona conurbada, con bloqueos. <br>En el crucero de la v\u00eda a la Costa y el aeropuerto, golpean a elementos de la <a href=\"https:\/\/twitter.com\/GN_MEXICO_?ref_src=twsrc%5Etfw\">@GN_MEXICO_<\/a>; trasladan a uno al Hospital Civil. Precauci\u00f3n. <a href=\"https:\/\/t.co\/DWKJ4ByDoX\">pic.twitter.com\/DWKJ4ByDoX<\/a><\/p>&mdash; Zona Roja Oaxaca (@ZonaRoja_Oaxaca) <a href=\"https:\/\/twitter.com\/ZonaRoja_Oaxaca\/status\/1500878347093655556?ref_src=twsrc%5Etfw\">7 de marzo de 2022<\/a><\/blockquote><\/div>\n<\/div><\/figure>\n","protected":false},"excerpt":{"rendered":"<p>Redacci\u00f3n\/Zona Roja. Oaxaca de Ju\u00e1rez, Oax., 7 de marzo de 2022.- La barbarie alcanz\u00f3 a&hellip;<\/p>\n","protected":false},"author":2,"featured_media":38471,"comment_status":"closed","ping_status":"open","sticky":false,"template":"","format":"standard","meta":{"_lmt_disableupdate":"","_lmt_disable":"","_jetpack_memberships_contains_paid_content":false,"footnotes":""},"categories":[109,51],"tags":[],"class_list":["post-38470","post","type-post","status-publish","format-standard","has-post-thumbnail","hentry","category-minuto-a-minuto","category-zona-roja"],"jetpack_featured_media_url":"https:\/\/zonaroja.com.mx\/wp-content\/uploads\/2022\/03\/Guardia-Nacional-asesinado.jpg","jetpack_sharing_enabled":true,"_links":{"self":[{"href":"https:\/\/zonaroja.com.mx\/index.php?rest_route=\/wp\/v2\/posts\/38470","targetHints":{"allow":["GET"]}}],"collection":[{"href":"https:\/\/zonaroja.com.mx\/index.php?rest_route=\/wp\/v2\/posts"}],"about":[{"href":"https:\/\/zonaroja.com.mx\/index.php?rest_route=\/wp\/v2\/types\/post"}],"author":[{"embeddable":true,"href":"https:\/\/zonaroja.com.mx\/index.php?rest_route=\/wp\/v2\/users\/2"}],"replies":[{"embeddable":true,"href":"https:\/\/zonaroja.com.mx\/index.php?rest_route=%2Fwp%2Fv2%2Fcomments&post=38470"}],"version-history":[{"count":1,"href":"https:\/\/zonaroja.com.mx\/index.php?rest_route=\/wp\/v2\/posts\/38470\/revisions"}],"predecessor-version":[{"id":38472,"href":"https:\/\/zonaroja.com.mx\/index.php?rest_route=\/wp\/v2\/posts\/38470\/revisions\/38472"}],"wp:featuredmedia":[{"embeddable":true,"href":"https:\/\/zonaroja.com.mx\/index.php?rest_route=\/wp\/v2\/media\/38471"}],"wp:attachment":[{"href":"https:\/\/zonaroja.com.mx\/index.php?rest_route=%2Fwp%2Fv2%2Fmedia&parent=38470"}],"wp:term":[{"taxonomy":"category","embeddable":true,"href":"https:\/\/zonaroja.com.mx\/index.php?rest_route=%2Fwp%2Fv2%2Fcategories&post=38470"},{"taxonomy":"post_tag","embeddable":true,"href":"https:\/\/zonaroja.com.mx\/index.php?rest_route=%2Fwp%2Fv2%2Ftags&post=38470"}],"curies":[{"name":"wp","href":"https:\/\/api.w.org\/{rel}","templated":true}]}}