{"id":38474,"date":"2022-03-07T19:03:22","date_gmt":"2022-03-08T01:03:22","guid":{"rendered":"https:\/\/www.zonaroja.com.mx\/?p=38474"},"modified":"2022-03-07T19:03:28","modified_gmt":"2022-03-08T01:03:28","slug":"desaparicion-de-programas-en-la-4t-impacto-en-carencias-de-la-primera-infancia-en-oaxaca","status":"publish","type":"post","link":"https:\/\/zonaroja.com.mx\/?p=38474","title":{"rendered":"Desaparici\u00f3n de programas en la 4T impact\u00f3 en carencias de la primera infancia en Oaxaca"},"content":{"rendered":"\n<p>Yuridiana Sosa\/Zona Roja.<\/p>\n\n\n\n<p>Oaxaca de Ju\u00e1rez, Oax., 7 de marzo de 2022.- Las condiciones para la primera infancia en Oaxaca a\u00fan presenta importantes rezagos en acceso a la alimentaci\u00f3n saludable y servicios de salud, a pesar que en la entidad se disminuyeron los niveles de pobreza para en el grupo de edad de cero a 6 a\u00f1os, report\u00f3 la organizaci\u00f3n Pacto por la Primera Infancia.&nbsp;<\/p>\n\n\n\n<p>La Coordinadora Nacional de Pol\u00edtica Territorial de este colectivo, Magdalena de Luna Flores, destac\u00f3 que la cancelaci\u00f3n de diversos programas federales por el gobierno actual de M\u00e9xico tuvo impacto en la disminuci\u00f3n de la calidad para el desarrollo de la primera infancia, lo cual se percibe en Oaxaca.<\/p>\n\n\n\n<p>As\u00ed como en otros estados, en la entidad oaxaque\u00f1a se movieron indicares a partir del retiro de programas, como el hecho que se ha duplicado la carencia en el acceso a la salud a la cancelaci\u00f3n de Prospera, pues la poblaci\u00f3n a\u00fan no est\u00e1 segura de la cobertura del Insabi.&nbsp;<\/p>\n\n\n\n<p>Aunque el dinero sigue llegando con otros programas, no se han sustituido en materia de las estancias infantiles donde hab\u00eda modelos pedag\u00f3gicos de educaci\u00f3n inicial, as\u00ed como el de pr\u00e1cticas de crianza y estimulaci\u00f3n temprana, pero sobre todo en temas nutricionales dirigidos en los primeros a\u00f1os de vida.&nbsp;<\/p>\n\n\n\n<p>El an\u00e1lisis de Pacto por la Primera Infancia report\u00f3 que en esta entidad, la primera infancia es m\u00e1s vulnerable a presentar tres&nbsp;de las seis&nbsp;carencias, las cuales se clasifican en acceso a la seguridad social; a servicios de salud; a alimentaci\u00f3n nutritiva y de calidad, servicios b\u00e1sicos de la vivienda; calidad y espacios de la vivienda y rezago educativo.<\/p>\n\n\n\n<p>Adem\u00e1s, dos de seis carencias incrementaron entre 2018 y 2020 en la entidad, entre las que sobresale el acceso a los servicios de salud, en un 45 por ciento, ocupando el tercer lugar; en la misma posici\u00f3n se encuentra por sus altos n\u00famero en seguridad social, con rezago en un 80 por ciento, al igual que por alimentaci\u00f3n nutritiva y de calidad, en un 33 por ciento.&nbsp;<\/p>\n\n\n\n<p>A nivel nacional 15 de cada 10 menores de 6 a\u00f1os&nbsp;presenta carencia por calidad en los espacios de la vivienda. En ese sentido, 11 entidades se encuentran por encima del porcentaje nacional y Oaxaca ocupa el segundo lugar con el 33 por ciento.<\/p>\n\n\n\n<p>El estudio tambi\u00e9n apunt\u00f3 que en M\u00e9xico &nbsp;15 de cada 100 menores de 6 a\u00f1os&nbsp; presenta&nbsp;rezago educativo, donde &nbsp;Oaxaca ocupa el lugar 28 con el 9.8 por ciento.&nbsp;<\/p>\n\n\n\n<p>&nbsp;La coordinadora llam\u00f3 a los tres \u00f3rdenes de gobierno para implementar pol\u00edticas p\u00fablicas en sus agendas, as\u00ed como a los candidatos a gobernador de Oaxaca tambi\u00e9n los exhort\u00f3 a contemplar como prioritario acciones a favor de la primera infancia.<\/p>\n\n\n\n<p>Mientras que al gobernador Alejandro Murat, en los \u00faltimos meses de gobierno, le demand\u00f3 cerrar brechas para eliminar los rezagos en los ni\u00f1os y ni\u00f1as menores de seis a\u00f1os.<\/p>\n","protected":false},"excerpt":{"rendered":"<p>Yuridiana Sosa\/Zona Roja. Oaxaca de Ju\u00e1rez, Oax., 7 de marzo de 2022.- Las condiciones para&hellip;<\/p>\n","protected":false},"author":2,"featured_media":38473,"comment_status":"closed","ping_status":"open","sticky":false,"template":"","format":"standard","meta":{"_lmt_disableupdate":"","_lmt_disable":"","_jetpack_memberships_contains_paid_content":false,"footnotes":""},"categories":[109,47],"tags":[],"class_list":["post-38474","post","type-post","status-publish","format-standard","has-post-thumbnail","hentry","category-minuto-a-minuto","category-zona-gris"],"jetpack_featured_media_url":"https:\/\/zonaroja.com.mx\/wp-content\/uploads\/2022\/03\/9a296ad0-0571-4948-bf29-7e3e24de9579.jpg","jetpack_sharing_enabled":true,"_links":{"self":[{"href":"https:\/\/zonaroja.com.mx\/index.php?rest_route=\/wp\/v2\/posts\/38474","targetHints":{"allow":["GET"]}}],"collection":[{"href":"https:\/\/zonaroja.com.mx\/index.php?rest_route=\/wp\/v2\/posts"}],"about":[{"href":"https:\/\/zonaroja.com.mx\/index.php?rest_route=\/wp\/v2\/types\/post"}],"author":[{"embeddable":true,"href":"https:\/\/zonaroja.com.mx\/index.php?rest_route=\/wp\/v2\/users\/2"}],"replies":[{"embeddable":true,"href":"https:\/\/zonaroja.com.mx\/index.php?rest_route=%2Fwp%2Fv2%2Fcomments&post=38474"}],"version-history":[{"count":1,"href":"https:\/\/zonaroja.com.mx\/index.php?rest_route=\/wp\/v2\/posts\/38474\/revisions"}],"predecessor-version":[{"id":38475,"href":"https:\/\/zonaroja.com.mx\/index.php?rest_route=\/wp\/v2\/posts\/38474\/revisions\/38475"}],"wp:featuredmedia":[{"embeddable":true,"href":"https:\/\/zonaroja.com.mx\/index.php?rest_route=\/wp\/v2\/media\/38473"}],"wp:attachment":[{"href":"https:\/\/zonaroja.com.mx\/index.php?rest_route=%2Fwp%2Fv2%2Fmedia&parent=38474"}],"wp:term":[{"taxonomy":"category","embeddable":true,"href":"https:\/\/zonaroja.com.mx\/index.php?rest_route=%2Fwp%2Fv2%2Fcategories&post=38474"},{"taxonomy":"post_tag","embeddable":true,"href":"https:\/\/zonaroja.com.mx\/index.php?rest_route=%2Fwp%2Fv2%2Ftags&post=38474"}],"curies":[{"name":"wp","href":"https:\/\/api.w.org\/{rel}","templated":true}]}}