{"id":38476,"date":"2022-03-07T20:13:02","date_gmt":"2022-03-08T02:13:02","guid":{"rendered":"http:\/\/www.zonaroja.com.mx\/?p=38476"},"modified":"2022-03-07T20:13:03","modified_gmt":"2022-03-08T02:13:03","slug":"conflictos-municipales-en-oaxaca-donde-esta-la-segego","status":"publish","type":"post","link":"https:\/\/zonaroja.com.mx\/?p=38476","title":{"rendered":"Conflictos municipales en Oaxaca: \u00bfD\u00f3nde est\u00e1 la Segego?"},"content":{"rendered":"\n<p>Adri\u00e1n Ortiz Romero Cuevas<\/p>\n\n\n\n<p>La&nbsp;inusual&nbsp;alta incidencia de conflictos en&nbsp;ayuntamientos regidos por sistemas normativos ind\u00edgenas&nbsp;en Oaxaca deber\u00eda tener&nbsp;prendidas las alertas;&nbsp;no s\u00f3lo de&nbsp;la Secretar\u00eda General de Gobierno,&nbsp;sino de toda la administraci\u00f3n estatal, para evaluar por qu\u00e9&nbsp;est\u00e1n ocurriendo tantos&nbsp;conflictos&nbsp;intramunicipales&nbsp;en los que pareciera que todos tienen causas&nbsp;conexas.&nbsp;<\/p>\n\n\n\n<p>En&nbsp;la generalidad,&nbsp;existen&nbsp;vasos comunicantes&nbsp;en todos los conflictos,&nbsp;que tienen que ver con la corrupci\u00f3n y el desv\u00edo de recursos, pero&nbsp;tambi\u00e9n&nbsp;con los enga\u00f1os y la&nbsp;manipulaci\u00f3n&nbsp;de los que&nbsp;parecen haber&nbsp;sido objeto&nbsp;autoridades municipales&nbsp;ind\u00edgenas&nbsp;a manos de funcionarios estatales.<\/p>\n\n\n\n<p>En&nbsp;efecto,&nbsp;existe un leitmotiv en&nbsp;diversos&nbsp;conflictos municipales que se han presentado en los&nbsp;\u00faltimos meses&nbsp;en municipios ind\u00edgenas de Oaxaca: las acusaciones de desv\u00edos de recursos&nbsp;en contra de&nbsp;autoridades municipales&nbsp;en funciones y&nbsp;exconcejales, y la&nbsp;toma de decisiones por parte de las asambleas comunitarias&nbsp;\u2014en la mayor\u00eda de los casos, por habitantes de las agencias, y no de las cabeceras municipales\u2014, relativas a&nbsp;la retenci\u00f3n de sus propias autoridades, hasta&nbsp;aclarar el destino de los recursos econ\u00f3micos presuntamente desviados.&nbsp;<\/p>\n\n\n\n<p>En&nbsp;m\u00e1s de un caso,&nbsp;de los varios que han ocurrido en las&nbsp;\u00faltimas semanas,&nbsp;han salido a relucir nombres de funcionarios estatales dependientes de la Secretar\u00eda de Finanzas, a los que&nbsp;las autoridades ind\u00edgenas&nbsp;acusan&nbsp;discretamente&nbsp;\u2014por&nbsp;el evidente temor&nbsp;a las represalias\u2014&nbsp;de haber&nbsp;\u201crecomendado\u201d&nbsp;a integrantes de&nbsp;despachos&nbsp;contables que&nbsp;en&nbsp;alg\u00fan&nbsp;momento les solicitaron&nbsp;\u201cpr\u00e9stamos\u201dprovenientes de recursos municipales, a cambio de rendimientos y obras&nbsp;cuya autorizaci\u00f3n&nbsp;depend\u00eda&nbsp;de&nbsp;los mismos funcionarios que&nbsp;generaban el acercamiento&nbsp;con los despachos particulares.&nbsp;El&nbsp;problema, en&nbsp;diversos casos,&nbsp;ha sido&nbsp;que los pr\u00e9stamos nunca fueron reintegrados, y&nbsp;son&nbsp;las autoridades municipales&nbsp;\u2014ediles y tesoreros\u2014&nbsp;quienes cargaron con el costo&nbsp;del desv\u00edo.<\/p>\n\n\n\n<p>Los&nbsp;casos abundan.&nbsp;Por&nbsp;ejemplo,&nbsp;en San&nbsp;Juan Teitipac,&nbsp;municipio perteneciente a Valles Centrales,&nbsp;los&nbsp;d\u00edas 13, 14 y 15 de&nbsp;febrero&nbsp;un&nbsp;grupo de pobladores mantuvo retenido al edil Ezequiel Hern\u00e1ndez, a quien&nbsp;acusaron&nbsp;de un presunto&nbsp;desv\u00edo&nbsp;de&nbsp;recursos p\u00fablicos.&nbsp;<\/p>\n\n\n\n<p>Despu\u00e9s de una asamblea general, habitantes de ese municipio acordaron tal medida por considerar que ese presidente municipal&nbsp;encubri\u00f3&nbsp;al tesorero municipal, quien no&nbsp;hab\u00eda&nbsp;entregado cuentas claras sobre los gastos de la administraci\u00f3n de San Juan Tepitipac.Los pobladores manifestaron que&nbsp;gestionar\u00edan&nbsp;ante el Congreso de Oaxaca la revocaci\u00f3n de mandato por la opacidad con la que se ha manejado el edil, quien fue&nbsp;finalmente&nbsp;dejado en libertad&nbsp;pero sin haber librado la&nbsp;acusaci\u00f3n&nbsp;que le formul\u00f3&nbsp;su propia asamblea comunitaria.&nbsp;<\/p>\n\n\n\n<p>Ahora&nbsp;bien,&nbsp;en el caso de&nbsp;la comunidad de Santiago Tlazoyaltepec,&nbsp;ubicada&nbsp;en el distrito de Etla,&nbsp;\u00e9sta enfrenta una combinaci\u00f3n de conflictos.&nbsp;Hace algunas semanas, el&nbsp;expresidente municipal&nbsp;Anastasio&nbsp;Ignacio Pacheco L\u00f3pez fue retenido por habitantes de ese lugar a por un presunto desv\u00edo de recursos&nbsp;durante su administraci\u00f3n.&nbsp;<\/p>\n\n\n\n<p>Igual&nbsp;que en el caso de Teitipac, en&nbsp;una asamblea comunitaria, decidieron retener tambi\u00e9n a&nbsp;quienes fungieron como s\u00edndico municipal y como regidor de Hacienda, Bernab\u00e9 Pacheco y Victorino Morales, respectivamente.&nbsp;<\/p>\n\n\n\n<p>La retenci\u00f3n la acordaron debido que los convocaron a comparecer para que informaran sobre el manejo y destino de los recursos&nbsp;p\u00fablicos,&nbsp;pero&nbsp;no se presentaron.&nbsp;Asimismo, estas personas fueron removidas del cargo y el pasado 16 de diciembre,&nbsp;ratificaron su renuncia ante la comisi\u00f3n de Gobernaci\u00f3n&nbsp;del Congreso del Estado.&nbsp;<\/p>\n\n\n\n<p>En su lugar nombraron a Jorge Morales L\u00f3pez como edil, as\u00ed como a Lorenzo P\u00e9rez y&nbsp;Anastasio&nbsp;Ram\u00edrez como s\u00edndico municipal y regidor de Hacienda.<\/p>\n\n\n\n<p>Como&nbsp;si esto no fuera suficiente, apenas el viernes pasado&nbsp;resultaron&nbsp;tres personas muertas por disparos de proyectil&nbsp;de arma de fuego,&nbsp;a causa de un&nbsp;enfrentamiento entre comuneros de las localidades de Santiago Tlazoyaltepec&nbsp;y Santa Mar\u00eda Pe\u00f1oles, quienes mantienen un a\u00f1ejo conflicto por l\u00edmites de tierra, en la regi\u00f3n del Valle de Oaxaca.&nbsp;<\/p>\n\n\n\n<p>Igual&nbsp;que en el caso&nbsp;del desv\u00edo de recursos, la&nbsp;inacci\u00f3n de las autoridades estatales provoc\u00f3 que el conflicto escalara al punto de&nbsp;las armas, y&nbsp;al&nbsp;lamentable&nbsp;costo&nbsp;de vidas humanas.&nbsp;<\/p>\n\n\n\n<p>M\u00c1S CONFLICTOS<\/p>\n\n\n\n<p>En Mazatl\u00e1n&nbsp;mixe, familiares de dos hombres retenidos en La Mixtequita,&nbsp;de nombres&nbsp;Rey Mart\u00ednez&nbsp;P\u00e9rez&nbsp;y&nbsp;Tadeo Rivera, suplente del presidente municipal Eleuterio Macario Jim\u00e9nez, solicitaron a las autoridades estatales&nbsp;en febrero pasado&nbsp;que&nbsp;intervinieran para lograr&nbsp;la liberaci\u00f3n de sus familiares,&nbsp;que hab\u00edan sido retenidos desde los primeros d\u00edas de febrero por habitantes de dicha comunidad.<\/p>\n\n\n\n<p>Igual&nbsp;que en los casos previos, los familiares de Tadeo y Mart\u00ednez responsabilizaron&nbsp;a&nbsp;Gregorio Fernando Manuel, agente de polic\u00eda de El Tortuguero, y a Aristeo Santiago Cruz, agente de La Mixtequita, de lo que les&nbsp;pudiera&nbsp;pasar a los hombres retenidos.<\/p>\n\n\n\n<p>Por su parte, los se\u00f1alados&nbsp;exig\u00edan, a cambio de liberar a los retenidos,&nbsp;la entrega de los recursos p\u00fablicos del 2021 que supuestamente no&nbsp;han recibido, y&nbsp;que&nbsp;sigue siendo un misterio d\u00f3nde o a qui\u00e9n fueron realmente entregados.<\/p>\n\n\n\n<p>Ahora&nbsp;bien,&nbsp;a la par de&nbsp;este hay otro conflicto&nbsp;en San Mart\u00edn Peras,&nbsp;municipio de la regi\u00f3n&nbsp;Mixteca.&nbsp;El edil de esa localidad&nbsp;Rom\u00e1n Ju\u00e1rez Cruz,&nbsp;fue retenido por pobladores de la comunidad, quienes no&nbsp;estaban de acuerdo en&nbsp;que&nbsp;\u00e9ste presentara su renuncia frente a acusaciones similares de desv\u00edo&nbsp;de recursos, hasta que no aclarara&nbsp;el destino de los faltantes en las arcas municipales.&nbsp;<\/p>\n\n\n\n<p>Junto&nbsp;a estos, hay otros conflictos&nbsp;intermunicipales, e intramunicipales, que&nbsp;deber\u00edan ya tener&nbsp;todas&nbsp;las&nbsp;alertas prendidas de las autoridades estatales, no s\u00f3lo para tratar de desenmara\u00f1ar estos conflictos sino&nbsp;tambi\u00e9n&nbsp;para aclarar si desde&nbsp;las&nbsp;\u00e1reas financieras del&nbsp;propio gobierno estatal hay una especie de&nbsp;\u201cfuego amigo\u201d.&nbsp;<\/p>\n\n\n\n<p>Es&nbsp;inusual que en tantos&nbsp;casos&nbsp;se hable de&nbsp;funcionarios involucrados, de gestiones ante despachos privados, y de claras tomaduras de pelo contra autoridades&nbsp;ind\u00edgenas&nbsp;que ahora no&nbsp;est\u00e1n&nbsp;pagando las&nbsp;consecuencias,&nbsp;sino que est\u00e1n poniendo en vilo la gobernabilidad y la aparente situaci\u00f3n de control de los conflictos municipales.<\/p>\n\n\n\n<p>EPITAFIO&nbsp;<\/p>\n\n\n\n<p>El&nbsp;problema&nbsp;es que, por un lado, una cosa es&nbsp;el respeto a la autonom\u00eda municipal y otra que las dependencias estatales no asuman su responsabilidad de tomar al toro por los cuernos cuando este&nbsp;tipo de asuntos&nbsp;se desbordan.&nbsp;\u00bfQu\u00e9 puede decir la&nbsp;Segego&nbsp;ante las demandas de la gente&nbsp;de las comunidades&nbsp;ind\u00edgenas&nbsp;\u2014y, en general, de los 570 municipios de la entidad\u2014&nbsp;por asuntos que impactan en su vida cotidiana?&nbsp;El&nbsp;ser,&nbsp;o parecer rebasados, los colocan en la posici\u00f3n&nbsp;\u2014voluntaria o no\u2014&nbsp;de parecer c\u00f3mplices de quienes desde otras&nbsp;\u00e1reas del gobierno&nbsp;est\u00e1n&nbsp;provocando estos conflictos.&nbsp;Cualquiera&nbsp;que sea&nbsp;el caso,&nbsp;por&nbsp;ning\u00fan&nbsp;lado&nbsp;se ven las acciones del subsecretario de Fortalecimiento Municipal&nbsp;Mart\u00edn Vela Gil,&nbsp;para enfrentar&nbsp;estas y otras situaciones que&nbsp;son potencialmente problem\u00e1ticas;&nbsp;y qu\u00e9 decir del titular de la Secretar\u00eda General de Gobierno&nbsp;Francisco Garc\u00eda L\u00f3pez, que&nbsp;est\u00e1 claramente rebasado frente a las circunstancias.<\/p>\n\n\n\n<p>http:\/\/columnaalmargen.mx<\/p>\n\n\n\n<p>@columnaalmargen<\/p>\n\n\n\n<p>@ortizromeroc<\/p>\n","protected":false},"excerpt":{"rendered":"<p>Adri\u00e1n Ortiz Romero Cuevas La&nbsp;inusual&nbsp;alta incidencia de conflictos en&nbsp;ayuntamientos regidos por sistemas normativos ind\u00edgenas&nbsp;en Oaxaca&hellip;<\/p>\n","protected":false},"author":2,"featured_media":36612,"comment_status":"closed","ping_status":"open","sticky":false,"template":"","format":"standard","meta":{"_lmt_disableupdate":"","_lmt_disable":"","_jetpack_memberships_contains_paid_content":false,"footnotes":""},"categories":[456,109],"tags":[2994],"class_list":["post-38476","post","type-post","status-publish","format-standard","has-post-thumbnail","hentry","category-columna","category-minuto-a-minuto","tag-adrian-ortiz-romero-cuevas"],"jetpack_featured_media_url":"https:\/\/zonaroja.com.mx\/wp-content\/uploads\/2022\/01\/Adrian-Ortiz-Romero.jpg","jetpack_sharing_enabled":true,"_links":{"self":[{"href":"https:\/\/zonaroja.com.mx\/index.php?rest_route=\/wp\/v2\/posts\/38476","targetHints":{"allow":["GET"]}}],"collection":[{"href":"https:\/\/zonaroja.com.mx\/index.php?rest_route=\/wp\/v2\/posts"}],"about":[{"href":"https:\/\/zonaroja.com.mx\/index.php?rest_route=\/wp\/v2\/types\/post"}],"author":[{"embeddable":true,"href":"https:\/\/zonaroja.com.mx\/index.php?rest_route=\/wp\/v2\/users\/2"}],"replies":[{"embeddable":true,"href":"https:\/\/zonaroja.com.mx\/index.php?rest_route=%2Fwp%2Fv2%2Fcomments&post=38476"}],"version-history":[{"count":1,"href":"https:\/\/zonaroja.com.mx\/index.php?rest_route=\/wp\/v2\/posts\/38476\/revisions"}],"predecessor-version":[{"id":38477,"href":"https:\/\/zonaroja.com.mx\/index.php?rest_route=\/wp\/v2\/posts\/38476\/revisions\/38477"}],"wp:featuredmedia":[{"embeddable":true,"href":"https:\/\/zonaroja.com.mx\/index.php?rest_route=\/wp\/v2\/media\/36612"}],"wp:attachment":[{"href":"https:\/\/zonaroja.com.mx\/index.php?rest_route=%2Fwp%2Fv2%2Fmedia&parent=38476"}],"wp:term":[{"taxonomy":"category","embeddable":true,"href":"https:\/\/zonaroja.com.mx\/index.php?rest_route=%2Fwp%2Fv2%2Fcategories&post=38476"},{"taxonomy":"post_tag","embeddable":true,"href":"https:\/\/zonaroja.com.mx\/index.php?rest_route=%2Fwp%2Fv2%2Ftags&post=38476"}],"curies":[{"name":"wp","href":"https:\/\/api.w.org\/{rel}","templated":true}]}}