{"id":38478,"date":"2022-03-07T21:23:44","date_gmt":"2022-03-08T03:23:44","guid":{"rendered":"http:\/\/www.zonaroja.com.mx\/?p=38478"},"modified":"2022-03-07T21:23:46","modified_gmt":"2022-03-08T03:23:46","slug":"pide-defensoria-de-derechos-humanos-proteccion-a-marchas-del-8m","status":"publish","type":"post","link":"https:\/\/zonaroja.com.mx\/?p=38478","title":{"rendered":"Pide Defensor\u00eda de Derechos Humanos protecci\u00f3n a marchas del 8M"},"content":{"rendered":"\n<p>Redacci\u00f3n\/Zona Roja.<\/p>\n\n\n\n<p>Oaxaca de Ju\u00e1rez, Oax., 7 de marzo de 2022.-\u00a0En el marco de la conmemoraci\u00f3n del 8 de marzo, D\u00eda Internacional de la Mujer, la Defensor\u00eda de los Derechos Humanos del Pueblo de Oaxaca, urgi\u00f3 al Estado mexicano a dise\u00f1ar estrategias eficaces tendientes a erradicar las m\u00faltiples violencias contra las mujeres y su m\u00e1xima expresi\u00f3n: el feminicidio.<\/p>\n\n\n\n<p>As\u00ed tambi\u00e9n, el organismo aut\u00f3nomo destac\u00f3 que, ante el anuncio de manifestaciones que llevar\u00e1n a cabo colectivas feministas en la capital del estado y diversos municipios, dict\u00f3 medidas cautelares para garantizar la libertad de expresi\u00f3n y manifestaci\u00f3n de ideas de las mujeres.<\/p>\n\n\n\n<p>Por lo que, a trav\u00e9s del expediente DDHPO\/CA\/0076\/(01)\/OAX\/2022 pidi\u00f3 a la Secretar\u00eda de Seguridad P\u00fablica (SSP), as\u00ed como a los municipios de Oaxaca de Ju\u00e1rez, Santo Domingo Tehuantepec, Juchit\u00e1n de Zaragoza, Huajuapan de Le\u00f3n, Miahuatl\u00e1n de Porfirio D\u00edaz, Santa Mar\u00eda Huatulco, San Pedro Pochutla, San Juan Bautista Tuxtepec, garantizar la libertad de expresi\u00f3n y manifestaci\u00f3n de ideas.<\/p>\n\n\n\n<p>La DDHPO solicit\u00f3 a Protecci\u00f3n Civil implementar estrategias para la seguridad de las manifestantes y la sociedad, mientras que, a la SSP y corporaciones a su cargo, abstenerse de causar molestias o incurrir en actos de provocaci\u00f3n, adem\u00e1s de implementar acciones de tr\u00e1nsito y vialidad que garanticen la seguridad de peatones, automovilistas y mujeres.<\/p>\n\n\n\n<p>Asimismo, la Defensor\u00eda reiter\u00f3 que la violencia de g\u00e9nero es una de las violaciones a derechos humanos m\u00e1s graves extendida, arraigada y tolerada en el mundo, por ello se requiere la implementaci\u00f3n de acciones integrales que atiendan las causas de fondo.<\/p>\n\n\n\n<p>El organismo aut\u00f3nomo manifest\u00f3 su preocupaci\u00f3n por el aumento de la violencia feminicida en Oaxaca y el pa\u00eds, no solo por el incremento num\u00e9rico, sino por la brutalidad con la que estos cr\u00edmenes se realizan, pues, durante el 2021 el Secretariado Ejecutivo del Sistema Nacional de Seguridad P\u00fablica report\u00f3 43 feminicidios en la entidad, mientras que tan solo en el primer mes del 2022 registr\u00f3 seis.<\/p>\n\n\n\n<p>Mientras que, advirti\u00f3, de acuerdo con esa misma instituci\u00f3n, la crisis originada por el Covid -19 provoc\u00f3 un aumento en las llamadas a los n\u00fameros de emergencia por casos de violencia familiar en un 15 por ciento y el delito de violaci\u00f3n se increment\u00f3 un 20 por ciento.<\/p>\n\n\n\n<p>Agreg\u00f3 que, si bien el feminicidio no es la \u00fanica manifestaci\u00f3n de violencia por razones de g\u00e9nero, la situaci\u00f3n en M\u00e9xico es preocupante, ya que, de acuerdo con cifras de ONU Mujeres, al menos una de cada tres mujeres ha sido v\u00edctima de violencia alguna vez en su vida.<\/p>\n\n\n\n<p>Respecto a Oaxaca, la Defensor\u00eda puntualiz\u00f3 que, el Secretariado Ejecutivo del Sistema Nacional de Seguridad P\u00fablica, durante el 2021 registr\u00f3 seis mil 891 denuncias por violencia familiar, 544 por abuso sexual, 233 por acoso, 395 por violaci\u00f3n simple y 337 por violaci\u00f3n equiparada.<\/p>\n\n\n\n<p>La Defensor\u00eda de los Derechos Humanos del Pueblo de Oaxaca urgi\u00f3 e insisti\u00f3 en que el Estado debe impulsar pol\u00edticas p\u00fablicas y acciones que ayuden a transformar la visi\u00f3n social discriminatoria y el machismo, adem\u00e1s de garantizar el acceso a la justicia, pues esto es esencial para erradicar la generaci\u00f3n de violencia contra las mujeres.<\/p>\n\n\n\n<p>La instituci\u00f3n aut\u00f3noma reiter\u00f3 que la violencia contra las mujeres y las ni\u00f1as es una forma de discriminaci\u00f3n que les impide el acceso a oportunidades, socava el ejercicio de sus derechos fundamentales y tiene consecuencias en su salud, libertad, seguridad y vida.<\/p>\n\n\n\n<p>(Comunicado)<\/p>\n","protected":false},"excerpt":{"rendered":"<p>Redacci\u00f3n\/Zona Roja. Oaxaca de Ju\u00e1rez, Oax., 7 de marzo de 2022.-\u00a0En el marco de la&hellip;<\/p>\n","protected":false},"author":2,"featured_media":38479,"comment_status":"closed","ping_status":"open","sticky":false,"template":"","format":"standard","meta":{"_lmt_disableupdate":"","_lmt_disable":"","_jetpack_memberships_contains_paid_content":false,"footnotes":""},"categories":[109,46],"tags":[287],"class_list":["post-38478","post","type-post","status-publish","format-standard","has-post-thumbnail","hentry","category-minuto-a-minuto","category-zona-blanca","tag-ddhpo"],"jetpack_featured_media_url":"https:\/\/zonaroja.com.mx\/wp-content\/uploads\/2022\/03\/Dia-Internacional-Mujer-feminicidios-marcha-mujeres.jpg","jetpack_sharing_enabled":true,"_links":{"self":[{"href":"https:\/\/zonaroja.com.mx\/index.php?rest_route=\/wp\/v2\/posts\/38478","targetHints":{"allow":["GET"]}}],"collection":[{"href":"https:\/\/zonaroja.com.mx\/index.php?rest_route=\/wp\/v2\/posts"}],"about":[{"href":"https:\/\/zonaroja.com.mx\/index.php?rest_route=\/wp\/v2\/types\/post"}],"author":[{"embeddable":true,"href":"https:\/\/zonaroja.com.mx\/index.php?rest_route=\/wp\/v2\/users\/2"}],"replies":[{"embeddable":true,"href":"https:\/\/zonaroja.com.mx\/index.php?rest_route=%2Fwp%2Fv2%2Fcomments&post=38478"}],"version-history":[{"count":1,"href":"https:\/\/zonaroja.com.mx\/index.php?rest_route=\/wp\/v2\/posts\/38478\/revisions"}],"predecessor-version":[{"id":38480,"href":"https:\/\/zonaroja.com.mx\/index.php?rest_route=\/wp\/v2\/posts\/38478\/revisions\/38480"}],"wp:featuredmedia":[{"embeddable":true,"href":"https:\/\/zonaroja.com.mx\/index.php?rest_route=\/wp\/v2\/media\/38479"}],"wp:attachment":[{"href":"https:\/\/zonaroja.com.mx\/index.php?rest_route=%2Fwp%2Fv2%2Fmedia&parent=38478"}],"wp:term":[{"taxonomy":"category","embeddable":true,"href":"https:\/\/zonaroja.com.mx\/index.php?rest_route=%2Fwp%2Fv2%2Fcategories&post=38478"},{"taxonomy":"post_tag","embeddable":true,"href":"https:\/\/zonaroja.com.mx\/index.php?rest_route=%2Fwp%2Fv2%2Ftags&post=38478"}],"curies":[{"name":"wp","href":"https:\/\/api.w.org\/{rel}","templated":true}]}}