{"id":38492,"date":"2022-03-07T22:06:03","date_gmt":"2022-03-08T04:06:03","guid":{"rendered":"http:\/\/www.zonaroja.com.mx\/?p=38492"},"modified":"2022-03-07T22:06:05","modified_gmt":"2022-03-08T04:06:05","slug":"participa-senadora-susana-harp-en-encuentro-de-mujeres-por-la-transformacion","status":"publish","type":"post","link":"https:\/\/zonaroja.com.mx\/?p=38492","title":{"rendered":"Participa senadora Susana Harp en encuentro de \u201cMujeres por la Transformaci\u00f3n\u201d"},"content":{"rendered":"\n<p>Redacci\u00f3n\/Zona Roja.<\/p>\n\n\n\n<p>Oaxaca de Ju\u00e1rez, Oax., 7 de marzo del 2022.- En el monumento a la Revoluci\u00f3n de la Ciudad de M\u00e9xico, la senadora Susana Harp Iturribar\u00eda particip\u00f3 en el encuentro denominado: \u201cMujeres por la Transformaci\u00f3n\u201d, convocado por gobernadoras, legisladoras y activistas que buscan la cristalizaci\u00f3n de la igualdad sustantiva en M\u00e9xico, adem\u00e1s de la plenitud de los derechos humanos para las mexicanas.&nbsp;<\/p>\n\n\n\n<p>A trav\u00e9s de un video en redes sociales, en donde Susana Harp Iturribarr\u00eda est\u00e1 acompa\u00f1ada por mujeres oaxaque\u00f1as que asistieron al encuentro, la legisladora se\u00f1al\u00f3: \u201cestamos aqu\u00ed por Oaxaca, hasta que la dignidad se haga costumbre\u201d, en alusi\u00f3n a la lucha hist\u00f3rica que las mujeres han iniciado para el ejercicio pleno de sus derechos en M\u00e9xico.\u00a0<\/p>\n\n\n\n<figure class=\"wp-block-embed is-type-rich is-provider-twitter wp-block-embed-twitter\"><div class=\"wp-block-embed__wrapper\">\n<div class=\"twitter-tweet\"><blockquote class=\"twitter-tweet\" data-lang=\"es\"><p lang=\"es\" dir=\"ltr\">\u00a1Hasta que la dignidad se vuelva costumbre!<a href=\"https:\/\/twitter.com\/hashtag\/Oaxaca?src=hash&amp;ref_src=twsrc%5Etfw\">#Oaxaca<\/a> presente en el encuentro de Mujeres por la Transformaci\u00f3n. <a href=\"https:\/\/t.co\/Odslq4VelT\">pic.twitter.com\/Odslq4VelT<\/a><\/p>&mdash; Susana Harp Iturribarr\u00eda (@SusanaHarp) <a href=\"https:\/\/twitter.com\/SusanaHarp\/status\/1500205003277021185?ref_src=twsrc%5Etfw\">5 de marzo de 2022<\/a><\/blockquote><\/div>\n<\/div><\/figure>\n\n\n\n<p>Las voces de mujeres por la transformaci\u00f3n, que se escucharon en este encuentro, fueron los de Claudia Sheinbaum, Jefa de Gobierno de la Ciudad de M\u00e9xico; Indira Vizca\u00edno, gobernadora de Colima; Lorena Cu\u00e9llar, gobernadora del Estado de Tlaxcala; Layda Sansores, gobernadora de Campeche; Mariana Pilar \u00c1vila, gobernadora de Baja California y Evel\u00fdn Salgado, gobernadora del Estado de Guerrero.&nbsp;<\/p>\n\n\n\n<p>Tambi\u00e9n asistieron al encuentro la doctora Olga S\u00e1nchez Cordero y Citlally Hern\u00e1ndez, secretaria general del partido morena.&nbsp;<\/p>\n\n\n\n<p>Susana Harp Iturribarr\u00eda se\u00f1al\u00f3 que este encuentro efectuado el fin de semana fue un llamado a las mujeres a que encabecen la lucha por la transformaci\u00f3n en todos los estados de M\u00e9xico: \u201clas mujeres hemos logrado grandes avances, pero hay mucho por hacer. Para lograrlo tenemos que estar m\u00e1s unidad que nunca\u201d, expres\u00f3 la legisladora.<\/p>\n","protected":false},"excerpt":{"rendered":"<p>Redacci\u00f3n\/Zona Roja. Oaxaca de Ju\u00e1rez, Oax., 7 de marzo del 2022.- En el monumento a&hellip;<\/p>\n","protected":false},"author":2,"featured_media":38493,"comment_status":"closed","ping_status":"open","sticky":false,"template":"","format":"standard","meta":{"_lmt_disableupdate":"","_lmt_disable":"","_jetpack_memberships_contains_paid_content":false,"footnotes":""},"categories":[109,46],"tags":[1685],"class_list":["post-38492","post","type-post","status-publish","format-standard","has-post-thumbnail","hentry","category-minuto-a-minuto","category-zona-blanca","tag-susana-harp-iturribarria"],"jetpack_featured_media_url":"https:\/\/zonaroja.com.mx\/wp-content\/uploads\/2022\/03\/Susana-Harp-y-Citlalli-Hernande.jpg","jetpack_sharing_enabled":true,"_links":{"self":[{"href":"https:\/\/zonaroja.com.mx\/index.php?rest_route=\/wp\/v2\/posts\/38492","targetHints":{"allow":["GET"]}}],"collection":[{"href":"https:\/\/zonaroja.com.mx\/index.php?rest_route=\/wp\/v2\/posts"}],"about":[{"href":"https:\/\/zonaroja.com.mx\/index.php?rest_route=\/wp\/v2\/types\/post"}],"author":[{"embeddable":true,"href":"https:\/\/zonaroja.com.mx\/index.php?rest_route=\/wp\/v2\/users\/2"}],"replies":[{"embeddable":true,"href":"https:\/\/zonaroja.com.mx\/index.php?rest_route=%2Fwp%2Fv2%2Fcomments&post=38492"}],"version-history":[{"count":1,"href":"https:\/\/zonaroja.com.mx\/index.php?rest_route=\/wp\/v2\/posts\/38492\/revisions"}],"predecessor-version":[{"id":38494,"href":"https:\/\/zonaroja.com.mx\/index.php?rest_route=\/wp\/v2\/posts\/38492\/revisions\/38494"}],"wp:featuredmedia":[{"embeddable":true,"href":"https:\/\/zonaroja.com.mx\/index.php?rest_route=\/wp\/v2\/media\/38493"}],"wp:attachment":[{"href":"https:\/\/zonaroja.com.mx\/index.php?rest_route=%2Fwp%2Fv2%2Fmedia&parent=38492"}],"wp:term":[{"taxonomy":"category","embeddable":true,"href":"https:\/\/zonaroja.com.mx\/index.php?rest_route=%2Fwp%2Fv2%2Fcategories&post=38492"},{"taxonomy":"post_tag","embeddable":true,"href":"https:\/\/zonaroja.com.mx\/index.php?rest_route=%2Fwp%2Fv2%2Ftags&post=38492"}],"curies":[{"name":"wp","href":"https:\/\/api.w.org\/{rel}","templated":true}]}}