{"id":38495,"date":"2022-03-07T22:12:18","date_gmt":"2022-03-08T04:12:18","guid":{"rendered":"http:\/\/www.zonaroja.com.mx\/?p=38495"},"modified":"2022-03-07T22:12:21","modified_gmt":"2022-03-08T04:12:21","slug":"inician-15-dias-en-semaforo-verde-por-covid-en-oaxaca-con-161-contagios-y-1-deceso","status":"publish","type":"post","link":"https:\/\/zonaroja.com.mx\/?p=38495","title":{"rendered":"Inician 15 d\u00edas en sem\u00e1foro verde por Covid en Oaxaca con 161 contagios y 1 deceso"},"content":{"rendered":"\n<p>Redacci\u00f3n\/Zona Roja.<\/p>\n\n\n\n<p>Oaxaca de Ju\u00e1rez, Oax. 7 marzo de 2022.- Los Servicios de Salud de Oaxaca (SSO) precisaron que la entidad alcanz\u00f3 los 117 mil 821 casos positivos deCovid-19, al registrar este 7 de marzo 161 nuevos contagios en 29 municipios.<\/p>\n\n\n\n<p>Al corte de este lunes se contabiliz\u00f3 un deceso m\u00e1s, sumando lamentablemente 6 mil 041; hay 6 mil 194 pacientes sospechosos, 110 mil 967 recuperados, 80 mil 100 negativos y los casos activos bajaron a 813 con presencia en 114 ayuntamientos.<\/p>\n\n\n\n<p>Este d\u00eda se hospitalizaron a tres nuevos pacientes, hay siete hospitales con una ocupaci\u00f3n del 100%, es decir, 313 camas est\u00e1n disponibles de un total de 397, lo que da un global del 21.2% de ocupaci\u00f3n hospitalaria en la entidad.<\/p>\n\n\n\n<p>Por distribuci\u00f3n geogr\u00e1fica, la Jurisdicci\u00f3n Sanitaria de Valles Centrales report\u00f3 71 mil 932 confirmados, 455 activos y dos mil 648 decesos; seguido del Istmo con 16 mil 396 confirmados, 194 activos y mil 319 muertes; Tuxtepec con 8 mil 803 confirmados, 74 activos y 606 fallecimientos; Costa con 8 mil 197 confirmados, 53 activos y 503 decesos; Mixteca con ocho mil 691 confirmados, 18 activos y 622 p\u00e9rdida de vidas; Sierra con tres mil 802 confirmados, 19 activos y 343 decesos.<\/p>\n\n\n\n<figure class=\"wp-block-embed is-type-rich is-provider-twitter wp-block-embed-twitter\"><div class=\"wp-block-embed__wrapper\">\n<div class=\"twitter-tweet\"><blockquote class=\"twitter-tweet\" data-lang=\"es\"><p lang=\"es\" dir=\"ltr\"><a href=\"https:\/\/twitter.com\/hashtag\/%C3%9AltimoMinuto?src=hash&amp;ref_src=twsrc%5Etfw\">#\u00daltimoMinuto<\/a><br>El Covid sigue en descenso en Oaxaca. Este lunes los Servicios de Salud reportaron 161 casos positivos, 1 deceso y 813 casos activos.<br>Suman 117 mil 821 casos confirmados y 6 mil 41 defunciones.<br>Hay 7 nosocomios llenos y la ocupaci\u00f3n hospitalaria promedio es de 21.2% <a href=\"https:\/\/t.co\/CC6pyY1Y5C\">pic.twitter.com\/CC6pyY1Y5C<\/a><\/p>&mdash; Zona Roja Oaxaca (@ZonaRoja_Oaxaca) <a href=\"https:\/\/twitter.com\/ZonaRoja_Oaxaca\/status\/1501032955136860162?ref_src=twsrc%5Etfw\">8 de marzo de 2022<\/a><\/blockquote><\/div>\n<\/div><\/figure>\n\n\n\n<p>Dentro de los municipios con pacientes nuevos sobresalen: Oaxaca de Ju\u00e1rez con 98 casos, Santa Cruz Xoxocotl\u00e1n con nueve e igual n\u00famero en Santa Mar\u00eda Atzompa, as\u00ed como Salina Cruz con cuatro; el resto tres, dos y un contagio.<\/p>\n\n\n\n<p>De las 6 mil 041 defunciones registradas a la fecha, el grupo de edad m\u00e1s afectado es el de 65 y m\u00e1s a\u00f1os, seguido por 50 a 59 y 60 a 64 a\u00f1os, con dos mil 867, mil 240, 836 decesos respectivamente. Por sexo, han muerto 3 mil 849 hombres y 2 mil 192 mujeres durante toda la pandemia.<\/p>\n\n\n\n<p>En tanto al n\u00famero de positivos, el grupo de edad con m\u00e1s incidencia es el de 25 a 44 a\u00f1os con 56 mil 778 casos; por sexo, 58 mil 745 contagios han sido en el femenino y 59 mil 076 en el masculino.<\/p>\n\n\n\n<p>La dependencia se\u00f1al\u00f3 la importancia de enfatizar en el lavado de manos constantemente con agua y jab\u00f3n, o el uso de gel antibacterial, as\u00ed como utilizar el cubrebocas en todo momento de manera correcta, evitar acudir a lugares aglomerados y poco ventilados, para evitar el incremento de contagios.<\/p>\n\n\n\n<p>(Comunicado)<\/p>\n","protected":false},"excerpt":{"rendered":"<p>Redacci\u00f3n\/Zona Roja. Oaxaca de Ju\u00e1rez, Oax. 7 marzo de 2022.- Los Servicios de Salud de&hellip;<\/p>\n","protected":false},"author":2,"featured_media":38483,"comment_status":"closed","ping_status":"open","sticky":false,"template":"","format":"standard","meta":{"_lmt_disableupdate":"","_lmt_disable":"","_jetpack_memberships_contains_paid_content":false,"footnotes":""},"categories":[109,47],"tags":[1512],"class_list":["post-38495","post","type-post","status-publish","format-standard","has-post-thumbnail","hentry","category-minuto-a-minuto","category-zona-gris","tag-coronavirus-oaxaca"],"jetpack_featured_media_url":"https:\/\/zonaroja.com.mx\/wp-content\/uploads\/2022\/03\/Covid-7-de-marzo.jpg","jetpack_sharing_enabled":true,"_links":{"self":[{"href":"https:\/\/zonaroja.com.mx\/index.php?rest_route=\/wp\/v2\/posts\/38495","targetHints":{"allow":["GET"]}}],"collection":[{"href":"https:\/\/zonaroja.com.mx\/index.php?rest_route=\/wp\/v2\/posts"}],"about":[{"href":"https:\/\/zonaroja.com.mx\/index.php?rest_route=\/wp\/v2\/types\/post"}],"author":[{"embeddable":true,"href":"https:\/\/zonaroja.com.mx\/index.php?rest_route=\/wp\/v2\/users\/2"}],"replies":[{"embeddable":true,"href":"https:\/\/zonaroja.com.mx\/index.php?rest_route=%2Fwp%2Fv2%2Fcomments&post=38495"}],"version-history":[{"count":1,"href":"https:\/\/zonaroja.com.mx\/index.php?rest_route=\/wp\/v2\/posts\/38495\/revisions"}],"predecessor-version":[{"id":38496,"href":"https:\/\/zonaroja.com.mx\/index.php?rest_route=\/wp\/v2\/posts\/38495\/revisions\/38496"}],"wp:featuredmedia":[{"embeddable":true,"href":"https:\/\/zonaroja.com.mx\/index.php?rest_route=\/wp\/v2\/media\/38483"}],"wp:attachment":[{"href":"https:\/\/zonaroja.com.mx\/index.php?rest_route=%2Fwp%2Fv2%2Fmedia&parent=38495"}],"wp:term":[{"taxonomy":"category","embeddable":true,"href":"https:\/\/zonaroja.com.mx\/index.php?rest_route=%2Fwp%2Fv2%2Fcategories&post=38495"},{"taxonomy":"post_tag","embeddable":true,"href":"https:\/\/zonaroja.com.mx\/index.php?rest_route=%2Fwp%2Fv2%2Ftags&post=38495"}],"curies":[{"name":"wp","href":"https:\/\/api.w.org\/{rel}","templated":true}]}}