{"id":38508,"date":"2022-03-08T07:45:00","date_gmt":"2022-03-08T13:45:00","guid":{"rendered":"http:\/\/www.zonaroja.com.mx\/?p=38508"},"modified":"2022-03-08T07:45:02","modified_gmt":"2022-03-08T13:45:02","slug":"honran-a-mujeres-artesanas-en-el-congreso-de-oaxaca","status":"publish","type":"post","link":"https:\/\/zonaroja.com.mx\/?p=38508","title":{"rendered":"Honran a mujeres artesanas en el Congreso de Oaxaca"},"content":{"rendered":"\n<p>Redacci\u00f3n\/Zona Roja.<\/p>\n\n\n\n<p>Oaxaca de Ju\u00e1rez, Oax. 8 de marzo de 2022.- Jos\u00e9 de Jes\u00fas Cisneros S\u00e1nchez, un joven oaxaque\u00f1o de San Pedro Tapanatepec, abri\u00f3 el ba\u00fal de su abuela Apolinaria de los Santos y rescat\u00f3 los huipiles que port\u00f3 esta mujer istme\u00f1a, nacida en el a\u00f1o 1912 en Oaxaca.&nbsp;&nbsp;&nbsp;&nbsp;&nbsp;&nbsp;&nbsp;&nbsp;&nbsp;&nbsp;&nbsp;&nbsp;&nbsp;&nbsp;&nbsp;&nbsp;&nbsp;&nbsp;&nbsp;&nbsp;&nbsp;&nbsp;&nbsp;&nbsp;&nbsp;&nbsp;&nbsp;&nbsp;&nbsp;&nbsp;&nbsp;<\/p>\n\n\n\n<p>\u201cLas cadenillas de Apolinaria\u201d, es la colecci\u00f3n personal de 36 prendas que a partir de este 7 de marzo se expone en el Congreso de Oaxaca, con motivo del D\u00eda Internacional de la Mujer y a iniciativa de la diputada y presidenta de la Mesa Directiva de la 65 Legislatura, Mariana Ben\u00edtez Tiburcio.<\/p>\n\n\n\n<p>Abrir el cofre de esta mujer istme\u00f1a, es un acto de amor y de reivindicaci\u00f3n de quienes desde su hogar, con empe\u00f1o, han aportado para una sociedad m\u00e1s justa, consider\u00f3 la legisladora.<\/p>\n\n\n\n<p>\u201cEs ponerle luz a la vida y a las historias de tantas mujeres, y mujeres no nada m\u00e1s del mundo p\u00fablico, historiadoras, grandes pol\u00edticas, abogadas, es una mujer de a pie, madre de familia, que cuid\u00f3 a sus nietos, que ense\u00f1\u00f3 y dej\u00f3 un profundo amor\u201d, expres\u00f3 durante la inauguraci\u00f3n.<\/p>\n\n\n\n<p>Y es que el D\u00eda de la Mujer, se\u00f1al\u00f3, no es solo una ocasi\u00f3n, sino es siempre, y no se trata solamente de visibilizar a quienes se desempe\u00f1an p\u00fablicamente, sino a todas de quienes se tiene mucho que contar y de los siglos pasados.\u00a0<\/p>\n\n\n\n<figure class=\"wp-block-embed is-type-rich is-provider-twitter wp-block-embed-twitter\"><div class=\"wp-block-embed__wrapper\">\n<div class=\"twitter-tweet\"><blockquote class=\"twitter-tweet\" data-lang=\"es\"><p lang=\"es\" dir=\"ltr\">Fue inaugurado por la presidenta de la mesa de la LXV Legislatura, Dip. <a href=\"https:\/\/twitter.com\/marianabenitezt?ref_src=twsrc%5Etfw\">@marianabenitezt<\/a>  la exposicion &quot;LAS CADENILLAS DE APOLINARIA&quot; Expositor:Jos\u00e9 Cisneros, <a href=\"https:\/\/twitter.com\/LaloRojas2016?ref_src=twsrc%5Etfw\">@LaloRojas2016<\/a>, <a href=\"https:\/\/twitter.com\/HoracioSosaOax?ref_src=twsrc%5Etfw\">@HoracioSosaOax<\/a>, <a href=\"https:\/\/twitter.com\/ReynavictoriaJ1?ref_src=twsrc%5Etfw\">@ReynavictoriaJ1<\/a>, <a href=\"https:\/\/twitter.com\/luisosacastillo?ref_src=twsrc%5Etfw\">@luisosacastillo<\/a>, <a href=\"https:\/\/twitter.com\/cesarmateos_oax?ref_src=twsrc%5Etfw\">@cesarmateos_oax<\/a><br>Dip. Ysabel MOLINA <a href=\"https:\/\/t.co\/rX9ZUxNxaW\">pic.twitter.com\/rX9ZUxNxaW<\/a><\/p>&mdash; Lente Informativa Oaxaca (@LenteInfoOax) <a href=\"https:\/\/twitter.com\/LenteInfoOax\/status\/1500908547730812935?ref_src=twsrc%5Etfw\">7 de marzo de 2022<\/a><\/blockquote><\/div>\n<\/div><\/figure>\n\n\n\n<p>\u201cHay que abrir m\u00e1s ba\u00fales, hay que sacar m\u00e1s a la luz la vida, los logros, las tristezas tambi\u00e9n, los anhelos de muchas mujeres, por las que hoy, estamos aqu\u00ed\u201d.<\/p>\n\n\n\n<p>Apolinaria, originaria de San Pedro Tapanatepec, cuid\u00f3 de su nieto Jos\u00e9 Cisneros cuando \u00e9l era un ni\u00f1o, mientras su mam\u00e1 Mar\u00eda de Jes\u00fas trabajaba para sostener su hogar. \u00bfQu\u00e9 aport\u00f3 esta oaxaque\u00f1a?, amor.&nbsp;<\/p>\n\n\n\n<p>\u201cYo crec\u00ed con ella, y considero que el hombre que soy el d\u00eda de hoy, se debe a la educaci\u00f3n de mi madre y al de mi abuela, porque mientras mi madre trabajaba para el sustento, mi abuela me cuidaba, entonces ella me cont\u00f3 las tradiciones, me educ\u00f3 el respeto a la cultura, a la naturaleza, a los adultos. Me dio amor, me cuid\u00f3\u201d, narr\u00f3 el expositor.<\/p>\n\n\n\n<p>Esta exposici\u00f3n es una forma de reconocer lo que han hecho las mujeres para el desarrollo de la sociedad. \u201cLos varones tenemos la responsabilidad de reconocer que las mujeres han aportado mucho para una sociedad justa\u201d.<\/p>\n\n\n\n<p>En la muestra se aprecia tambi\u00e9n el talento de las manos de artesanas, quienes elaboraron estas cadenillas entre los a\u00f1os 1940 y 1950 en los municipios de Juchit\u00e1n y San Juan Guichicovi, del Istmo de Tehuantepec; prendas que visti\u00f3 Apolinaria diariamente hasta 1989, cuando muri\u00f3, y que cada una guarda los momentos de su vida.&nbsp;<\/p>\n\n\n\n<p>A la inauguraci\u00f3n asistieron tambi\u00e9n las legisladoras Reyna Victoria Jim\u00e9nez Cervantes, Ysabel Martina Herrera Molina; los diputados Luis Eduardo Rojas Zavaleta, Luis Alberto Sosa Castillo, C\u00e9sar David Mateos Ben\u00edtez, Horacio Sosa Villavicencio; as\u00ed como la presidenta del Tribunal Electoral del Estado de Oaxaca (TEEO), Elizabeth Bautista Velasco, y representantes del \u00e1mbito cultural.<\/p>\n","protected":false},"excerpt":{"rendered":"<p>Redacci\u00f3n\/Zona Roja. Oaxaca de Ju\u00e1rez, Oax. 8 de marzo de 2022.- Jos\u00e9 de Jes\u00fas Cisneros&hellip;<\/p>\n","protected":false},"author":2,"featured_media":38509,"comment_status":"closed","ping_status":"open","sticky":false,"template":"","format":"standard","meta":{"_lmt_disableupdate":"","_lmt_disable":"","_jetpack_memberships_contains_paid_content":false,"footnotes":""},"categories":[109,46],"tags":[],"class_list":["post-38508","post","type-post","status-publish","format-standard","has-post-thumbnail","hentry","category-minuto-a-minuto","category-zona-blanca"],"jetpack_featured_media_url":"https:\/\/zonaroja.com.mx\/wp-content\/uploads\/2022\/03\/Exposicion-Mariana-Benitez.jpeg","jetpack_sharing_enabled":true,"_links":{"self":[{"href":"https:\/\/zonaroja.com.mx\/index.php?rest_route=\/wp\/v2\/posts\/38508","targetHints":{"allow":["GET"]}}],"collection":[{"href":"https:\/\/zonaroja.com.mx\/index.php?rest_route=\/wp\/v2\/posts"}],"about":[{"href":"https:\/\/zonaroja.com.mx\/index.php?rest_route=\/wp\/v2\/types\/post"}],"author":[{"embeddable":true,"href":"https:\/\/zonaroja.com.mx\/index.php?rest_route=\/wp\/v2\/users\/2"}],"replies":[{"embeddable":true,"href":"https:\/\/zonaroja.com.mx\/index.php?rest_route=%2Fwp%2Fv2%2Fcomments&post=38508"}],"version-history":[{"count":1,"href":"https:\/\/zonaroja.com.mx\/index.php?rest_route=\/wp\/v2\/posts\/38508\/revisions"}],"predecessor-version":[{"id":38510,"href":"https:\/\/zonaroja.com.mx\/index.php?rest_route=\/wp\/v2\/posts\/38508\/revisions\/38510"}],"wp:featuredmedia":[{"embeddable":true,"href":"https:\/\/zonaroja.com.mx\/index.php?rest_route=\/wp\/v2\/media\/38509"}],"wp:attachment":[{"href":"https:\/\/zonaroja.com.mx\/index.php?rest_route=%2Fwp%2Fv2%2Fmedia&parent=38508"}],"wp:term":[{"taxonomy":"category","embeddable":true,"href":"https:\/\/zonaroja.com.mx\/index.php?rest_route=%2Fwp%2Fv2%2Fcategories&post=38508"},{"taxonomy":"post_tag","embeddable":true,"href":"https:\/\/zonaroja.com.mx\/index.php?rest_route=%2Fwp%2Fv2%2Ftags&post=38508"}],"curies":[{"name":"wp","href":"https:\/\/api.w.org\/{rel}","templated":true}]}}