{"id":38518,"date":"2022-03-08T15:32:43","date_gmt":"2022-03-08T21:32:43","guid":{"rendered":"http:\/\/www.zonaroja.com.mx\/?p=38518"},"modified":"2022-03-08T15:32:45","modified_gmt":"2022-03-08T21:32:45","slug":"impunidad-al-alza-marca-el-8m-en-oaxaca-si-el-presente-es-lucha-el-futuro-sera-vida","status":"publish","type":"post","link":"https:\/\/zonaroja.com.mx\/?p=38518","title":{"rendered":"Impunidad al alza marca el 8M en Oaxaca; \u201cSi el presente es lucha, el futuro ser\u00e1 vida\u201d"},"content":{"rendered":"\n<p>Yuridiana Sosa\/Zona Roja.<\/p>\n\n\n\n<p>Oaxaca de Ju\u00e1rez, Oax., 8 de marzo de 2022.- La injusticia en Oaxaca ante la violencia feminicida y agresiones por raz\u00f3n de g\u00e9nero duelen por igual a las mujeres; madres, hijas, hermanas, amigas, desconocidas entre s\u00ed, se unen en una sola voz para exigir un cese a la impunidad en este D\u00eda Internacional de la Mujer.<\/p>\n\n\n\n<p>En Oaxaca, la impunidad presenta un alza a la par que la Fiscal\u00eda General de Oaxaca, que encabeza Arturo Peimbetr Calvo, muestra incapacidad para atender la necesidad de justicia, se\u00f1al\u00f3 la dirigente de Consorcio Oaxaca, Yesica S\u00e1nchez Maya.<\/p>\n\n\n\n<p>En el marco de la movilizaci\u00f3n, la defensora asever\u00f3 que el fiscal tiene un reto may\u00fasculo en impartici\u00f3n justicia para las mujeres, pero, adem\u00e1s, se\u00f1al\u00f3 que urge aplicar una limpia en las instancias de la Fiscal\u00eda, en especial de la Fiscal\u00eda de G\u00e9nero en la que se emiten los mecanismos de protecci\u00f3n las mujeres que viven violencia, as\u00ed como las dejan en la doble indefensi\u00f3n cuando no les quieren recibir sus denuncias.<\/p>\n\n\n\n<p>Las calles de la capital retumbaron en exigencias de justicia por las oaxaque\u00f1as asesinadas y \u201centerradas\u201d en la burocracia de los gobiernos estatal y federal, desde donde las muertes de las mujeres se clasifican para ser investigadas.<\/p>\n\n\n\n<p>Diversos colectivos feministas, defensoras de derechos humanos y ciudadanas, se organizaron para marchar del \u201cantimonumenta\u201d en la fuente de las Ocho Regiones, en la colonia Reforma, hacia Casa Oficial, el Centro Hist\u00f3rico.<\/p>\n\n\n\n<p>A su paso colocaron flores y veladores sobre la banqueta en memoria de las mujeres que han muerto v\u00edctimas de la violencia feminicida. La ausencia de cada una se siente y duele.<\/p>\n\n\n\n<p>Sin alterar el orden, las mujeres marcharon, entonaron consignas, cantaron, gritaron, pero no violentaron. Banderas moradas y verdes protegieron este movimiento encabezado por la organizaci\u00f3n Consorcio Oaxaca.<\/p>\n\n\n\n<p>Al frente una manta con la palabra \u201cimpunidad\u201d escrita con los nombres de las m\u00e1s de 600 oaxaque\u00f1as asesinadas; tambi\u00e9n recordaron que hay m\u00e1s de mil 630 desaparecidas.<\/p>\n\n\n\n<figure class=\"wp-block-embed is-type-rich is-provider-twitter wp-block-embed-twitter\"><div class=\"wp-block-embed__wrapper\">\n<div class=\"twitter-tweet\"><blockquote class=\"twitter-tweet\" data-lang=\"es\"><p lang=\"es\" dir=\"ltr\"><a href=\"https:\/\/twitter.com\/hashtag\/ENVIVO?src=hash&amp;ref_src=twsrc%5Etfw\">#ENVIVO<\/a><a href=\"https:\/\/twitter.com\/hashtag\/8M?src=hash&amp;ref_src=twsrc%5Etfw\">#8M<\/a><a href=\"https:\/\/twitter.com\/hashtag\/DiaInternacionalDeLaMujer?src=hash&amp;ref_src=twsrc%5Etfw\">#DiaInternacionalDeLaMujer<\/a> <br>Oaxaca de Ju\u00e1rez, Oax., 8 de marzo de 2022.- Marcha pac\u00edfica de organizaciones civiles en la capital del estado, en el marco del D\u00eda Internacional de la Mujer.<br>Aqu\u00ed la transmisi\u00f3n:<br>\ud83d\udc47<a href=\"https:\/\/t.co\/urlttb1vNP\">https:\/\/t.co\/urlttb1vNP<\/a> <a href=\"https:\/\/t.co\/FsMXX7HuYZ\">pic.twitter.com\/FsMXX7HuYZ<\/a><\/p>&mdash; Zona Roja Oaxaca (@ZonaRoja_Oaxaca) <a href=\"https:\/\/twitter.com\/ZonaRoja_Oaxaca\/status\/1501257210676002816?ref_src=twsrc%5Etfw\">8 de marzo de 2022<\/a><\/blockquote><\/div>\n<\/div><\/figure>\n\n\n\n<p>\u201cSi el presente es lucha, el futuro ser\u00e1 vida\u201d se ley\u00f3 desde una de las cartulinas; otras m\u00e1s, portaron playeras con la leyenda \u201cNos queremos vivas. Libres y felices\u201d.<\/p>\n\n\n\n<p>Al llegar sobre la avenida Ju\u00e1rez, frente a Casa Oficial, las mujeres montaron un ofrenda y cruces de papel sobre la fachada del domicilio, donde exigieron justicia, recordaron la impunidad y la valent\u00eda de la lucha feminista para defender los derechos hist\u00f3ricamente negados.<\/p>\n\n\n\n<p>OTRAS MARCHAS<\/p>\n\n\n\n<p>Desde temprana hora, otras organizaciones sociales y la Secci\u00f3n 22 del Sindicato Nacional de Trabajadores de la Educaci\u00f3n (SNTE) se unieron a la jornada de movilizaciones por el \u201cD\u00eda Internacional de la Mujer\u201d.<\/p>\n\n\n\n<p>La consigna principal, tambi\u00e9n fue justicia por los feminicidios en Oaxaca, por la violencia en las comunidades, y en distintos \u00e1mbitos de la vida cotidiana que queden en la impunidad.<\/p>\n\n\n\n<p>En la movilizaci\u00f3n, cada una por separado, particip\u00f3 el Consejo Ind\u00edgena Popular de Oaxaca \u201cRicardo Flores Mag\u00f3n\u201d y la Red Estatal de V\u00edctimas de Oaxaca \u00abTom\u00e1s Mart\u00ednez\u201d.<\/p>\n\n\n\n<p>Durante estas marchas no se reportaron incidencias contra personas ni fachadas de complejos de gobierno o propiedad privada.<\/p>\n\n\n\n<p>Por la tarde este martes se prev\u00e9n m\u00e1s manifestaciones por otros grupos de mujeres feministas en la capital, con marchas y presencia en el pante\u00f3n general para colocar ofrendas por las mujeres asesinadas.<\/p>\n","protected":false},"excerpt":{"rendered":"<p>Yuridiana Sosa\/Zona Roja. Oaxaca de Ju\u00e1rez, Oax., 8 de marzo de 2022.- La injusticia en&hellip;<\/p>\n","protected":false},"author":2,"featured_media":38519,"comment_status":"closed","ping_status":"open","sticky":false,"template":"","format":"standard","meta":{"_lmt_disableupdate":"","_lmt_disable":"","_jetpack_memberships_contains_paid_content":false,"footnotes":""},"categories":[109,47],"tags":[1472],"class_list":["post-38518","post","type-post","status-publish","format-standard","has-post-thumbnail","hentry","category-minuto-a-minuto","category-zona-gris","tag-dia-internacional-de-la-mujer-en-oaxaca"],"jetpack_featured_media_url":"https:\/\/zonaroja.com.mx\/wp-content\/uploads\/2022\/03\/Marcha-mujeres-Oaxaca.jpg","jetpack_sharing_enabled":true,"_links":{"self":[{"href":"https:\/\/zonaroja.com.mx\/index.php?rest_route=\/wp\/v2\/posts\/38518","targetHints":{"allow":["GET"]}}],"collection":[{"href":"https:\/\/zonaroja.com.mx\/index.php?rest_route=\/wp\/v2\/posts"}],"about":[{"href":"https:\/\/zonaroja.com.mx\/index.php?rest_route=\/wp\/v2\/types\/post"}],"author":[{"embeddable":true,"href":"https:\/\/zonaroja.com.mx\/index.php?rest_route=\/wp\/v2\/users\/2"}],"replies":[{"embeddable":true,"href":"https:\/\/zonaroja.com.mx\/index.php?rest_route=%2Fwp%2Fv2%2Fcomments&post=38518"}],"version-history":[{"count":1,"href":"https:\/\/zonaroja.com.mx\/index.php?rest_route=\/wp\/v2\/posts\/38518\/revisions"}],"predecessor-version":[{"id":38520,"href":"https:\/\/zonaroja.com.mx\/index.php?rest_route=\/wp\/v2\/posts\/38518\/revisions\/38520"}],"wp:featuredmedia":[{"embeddable":true,"href":"https:\/\/zonaroja.com.mx\/index.php?rest_route=\/wp\/v2\/media\/38519"}],"wp:attachment":[{"href":"https:\/\/zonaroja.com.mx\/index.php?rest_route=%2Fwp%2Fv2%2Fmedia&parent=38518"}],"wp:term":[{"taxonomy":"category","embeddable":true,"href":"https:\/\/zonaroja.com.mx\/index.php?rest_route=%2Fwp%2Fv2%2Fcategories&post=38518"},{"taxonomy":"post_tag","embeddable":true,"href":"https:\/\/zonaroja.com.mx\/index.php?rest_route=%2Fwp%2Fv2%2Ftags&post=38518"}],"curies":[{"name":"wp","href":"https:\/\/api.w.org\/{rel}","templated":true}]}}