{"id":3852,"date":"2019-09-10T22:35:50","date_gmt":"2019-09-11T03:35:50","guid":{"rendered":"http:\/\/www.zonaroja.com.mx\/?p=3852"},"modified":"2019-09-10T22:35:52","modified_gmt":"2019-09-11T03:35:52","slug":"protestan-en-tuxtepec-por-la-detencion-de-una-joven-acusada-de-violacion","status":"publish","type":"post","link":"https:\/\/zonaroja.com.mx\/?p=3852","title":{"rendered":"Protestan en Tuxtepec por la detenci\u00f3n de una joven acusada de violaci\u00f3n"},"content":{"rendered":"\n<p>Redacci\u00f3n\/Zona\nRoja.<\/p>\n\n\n\n<p>Foto: El\nPi\u00f1ero de la Cuenca<\/p>\n\n\n\n<p>Oaxaca de\nJu\u00e1rez, Oax., 10 de septiembre de 2019.- Familiares de la estudiante Fanny \u201cN\u201d,\nacusada presuntamente del delito de violaci\u00f3n, protestaron hoy en la sede del Centro\nde Justicia \u201cDr. V\u00edctor Bravo Ah\u00faja\u201d de la ciudad de San Juan Bautista\nTuxtepec.<\/p>\n\n\n\n<p>Lo anterior\npara exigir la liberaci\u00f3n de la joven universitaria, quien supuestamente viol\u00f3\na una menor de cuatro a\u00f1os de edad, pero sin m\u00e1s pruebas que los dichos de los\nfamiliares de la v\u00edctima.<\/p>\n\n\n\n<p>De acuerdo\ncon el peri\u00f3dico \u201cEl Pi\u00f1ero de la Cuenca\u201d, relataron que el 16 de agosto\npasado, una familia pidi\u00f3 a Fanny que cuidada a su beb\u00e9, lo que hizo la joven y\nal terminar su jornada, lo entreg\u00f3 al padre.<\/p>\n\n\n\n<p>Sin embargo,\npara su sorpresa, el 8 de septiembre la estudiante universitaria fue\naprehendida por elementos de la Agencia Estatal de Investigaciones, de la\nFiscal\u00eda General del Estado, por el probable delito de violaci\u00f3n y fue puesta a\ndisposici\u00f3n de un juez.<\/p>\n\n\n\n<p>Este\nmi\u00e9rcoles vence el t\u00e9rmino para conocer si Fanny ser\u00e1 imputada y se d\u00e9 inicio\nal proceso, o en su caso ser\u00e1 puesta en libertad, lo que exigen sus familiares,\nquienes aseguran que ella es inocente.<\/p>\n","protected":false},"excerpt":{"rendered":"<p>Redacci\u00f3n\/Zona Roja. Foto: El Pi\u00f1ero de la Cuenca Oaxaca de Ju\u00e1rez, Oax., 10 de septiembre&hellip;<\/p>\n","protected":false},"author":2,"featured_media":3853,"comment_status":"closed","ping_status":"open","sticky":false,"template":"","format":"standard","meta":{"_lmt_disableupdate":"","_lmt_disable":"","_jetpack_memberships_contains_paid_content":false,"footnotes":""},"categories":[109,47],"tags":[118],"class_list":["post-3852","post","type-post","status-publish","format-standard","has-post-thumbnail","hentry","category-minuto-a-minuto","category-zona-gris","tag-san-juan-bautista-tuxtepec"],"jetpack_featured_media_url":"https:\/\/zonaroja.com.mx\/wp-content\/uploads\/2019\/09\/centro-de-justicia.jpg","jetpack_sharing_enabled":true,"_links":{"self":[{"href":"https:\/\/zonaroja.com.mx\/index.php?rest_route=\/wp\/v2\/posts\/3852","targetHints":{"allow":["GET"]}}],"collection":[{"href":"https:\/\/zonaroja.com.mx\/index.php?rest_route=\/wp\/v2\/posts"}],"about":[{"href":"https:\/\/zonaroja.com.mx\/index.php?rest_route=\/wp\/v2\/types\/post"}],"author":[{"embeddable":true,"href":"https:\/\/zonaroja.com.mx\/index.php?rest_route=\/wp\/v2\/users\/2"}],"replies":[{"embeddable":true,"href":"https:\/\/zonaroja.com.mx\/index.php?rest_route=%2Fwp%2Fv2%2Fcomments&post=3852"}],"version-history":[{"count":1,"href":"https:\/\/zonaroja.com.mx\/index.php?rest_route=\/wp\/v2\/posts\/3852\/revisions"}],"predecessor-version":[{"id":3854,"href":"https:\/\/zonaroja.com.mx\/index.php?rest_route=\/wp\/v2\/posts\/3852\/revisions\/3854"}],"wp:featuredmedia":[{"embeddable":true,"href":"https:\/\/zonaroja.com.mx\/index.php?rest_route=\/wp\/v2\/media\/3853"}],"wp:attachment":[{"href":"https:\/\/zonaroja.com.mx\/index.php?rest_route=%2Fwp%2Fv2%2Fmedia&parent=3852"}],"wp:term":[{"taxonomy":"category","embeddable":true,"href":"https:\/\/zonaroja.com.mx\/index.php?rest_route=%2Fwp%2Fv2%2Fcategories&post=3852"},{"taxonomy":"post_tag","embeddable":true,"href":"https:\/\/zonaroja.com.mx\/index.php?rest_route=%2Fwp%2Fv2%2Ftags&post=3852"}],"curies":[{"name":"wp","href":"https:\/\/api.w.org\/{rel}","templated":true}]}}