{"id":38521,"date":"2022-03-08T15:45:22","date_gmt":"2022-03-08T21:45:22","guid":{"rendered":"http:\/\/www.zonaroja.com.mx\/?p=38521"},"modified":"2022-03-08T21:38:52","modified_gmt":"2022-03-09T03:38:52","slug":"crea-el-ieepco-unidad-de-igualdad-de-genero-y-no-discriminacion","status":"publish","type":"post","link":"https:\/\/zonaroja.com.mx\/?p=38521","title":{"rendered":"Crea el IEEPCO Unidad de Igualdad de G\u00e9nero y No Discriminaci\u00f3n"},"content":{"rendered":"\n<p>Redacci\u00f3n\/Zona Roja.<\/p>\n\n\n\n<p>Oaxaca de Ju\u00e1rez, Oax., 8 de marzo de 2022.- En el marco del 8 de marzo D\u00eda Internacional de la Mujer,&nbsp; el Consejo General del Instituto Estatal Electoral y de Participaci\u00f3n Ciudadana de Oaxaca (IEEPCO) aprob\u00f3 la creaci\u00f3n de la Unidad T\u00e9cnica para la Igualdad de G\u00e9nero y No Discriminaci\u00f3n, misma que transversalizar\u00e1 la perspectiva de g\u00e9nero, interculturalidad e interseccionalidad al interior del \u00f3rgano electoral.<\/p>\n\n\n\n<p>En sesi\u00f3n extraordinaria urgente, las consejeras y consejeros electorales celebraron la propuesta de la Presidencia y aseguraron que se trata de una demanda que ha sido puesta en la mesa en reiteradas ocasiones, sin embargo, por diversas razones no hab\u00eda sido posible su consolidaci\u00f3n. &nbsp;<\/p>\n\n\n\n<p>De acuerdo con la consejera electoral y presidenta de la Comisi\u00f3n de Igualdad de G\u00e9nero y No Discriminaci\u00f3n, Jessica Jazibe Hern\u00e1ndez Garc\u00eda, a partir de este momento el Instituto contar\u00e1 con un \u00e1rea especializada encargada de apoyar y asegurar la incorporaci\u00f3n de la transversalidad de g\u00e9nero en todas las acciones, procedimientos programas y proyectos.<\/p>\n\n\n\n<figure class=\"wp-block-embed\"><div class=\"wp-block-embed__wrapper\">\n<div class=\"twitter-tweet\"><blockquote class=\"twitter-tweet\" data-lang=\"es\"><p lang=\"es\" dir=\"ltr\"><a href=\"https:\/\/twitter.com\/hashtag\/DiaInternacionalDeLaMujer?src=hash&amp;ref_src=twsrc%5Etfw\">#DiaInternacionalDeLaMujer<\/a> <br>La presidenta del <a href=\"https:\/\/twitter.com\/IEEPCO?ref_src=twsrc%5Etfw\">@IEEPCO<\/a>, <a href=\"https:\/\/twitter.com\/Bidxa_a?ref_src=twsrc%5Etfw\">@Bidxa_a<\/a>, resalt\u00f3 al creaci\u00f3n hoy por parte del Consejo General,de una Unidad de Igualdad de G\u00e9nero; dijo que se trabaja en garantizar los derechos pol\u00edticos de mujeres, superar las brechas de g\u00e9nero y erradicar la violencia. <a href=\"https:\/\/t.co\/3gHhGAN8T6\">pic.twitter.com\/3gHhGAN8T6<\/a><\/p>&mdash; Zona Roja Oaxaca (@ZonaRoja_Oaxaca) <a href=\"https:\/\/twitter.com\/ZonaRoja_Oaxaca\/status\/1501395894951890950?ref_src=twsrc%5Etfw\">9 de marzo de 2022<\/a><\/blockquote><\/div>\n<\/div><\/figure>\n\n\n\n<p>\u00abSu creaci\u00f3n nos ayudar\u00e1 a supervisar el fortalecimiento de la vinculaci\u00f3n interinstitucional con autoridades electorales, partidos pol\u00edticos nacionales y locales y, en espec\u00edfico, con los organismos de mujeres de los partidos para dar seguimiento a los avances de la participaci\u00f3n pol\u00edtica y ciudadana en apego al principio de paridad\u00bb, manifest\u00f3.<\/p>\n\n\n\n<p>Mientras que las consejeras electorales Carmelita Sibaja Ochoa y Zaira Alhel\u00ed Hip\u00f3lito L\u00f3pez coincidieron que, con la creaci\u00f3n de dicha unidad, se concretar\u00e1 el trabajo y esfuerzo que han venido realizando las consejer\u00edas en materia de paridad y prevenci\u00f3n de la violencia pol\u00edtica contra las mujeres en raz\u00f3n de g\u00e9nero. &nbsp;<\/p>\n\n\n\n<p>Independientemente de celebrar el acuerdo, la consejera electoral Nayma Enr\u00edquez Estrada hizo un amplio reconocimiento a todas las mujeres que, con su trabajo diario, han contribuido para emprender acciones institucionales a favor de la participaci\u00f3n pol\u00edtica de las mujeres en igualdad de condicione de los varones. &nbsp;<\/p>\n\n\n\n<p>Por su parte los consejeros electorales, Alejandro Carrasco Sampedro y Wilfrido Lulio Almaraz Santib\u00e1\u00f1ez, se unieron a la celebraci\u00f3n por la creaci\u00f3n de la Unidad T\u00e9cnica para la Igualdad de G\u00e9nero y No Discriminaci\u00f3n, as\u00ed como al reconocimiento de las mujeres que han contribuido en el quehacer del Instituto. &nbsp;<\/p>\n\n\n\n<p>Finalmente, la consejera presidenta del IEEPCO, Elizabeth S\u00e1nchez Gonz\u00e1lez, destac\u00f3 que, aunque en el discurso pol\u00edtico se ha construido la paridad, el poder p\u00fablico no se concibe como \u201ccosa de mujeres\u201d de ah\u00ed la amplia incidencia de la violencia pol\u00edtica contra las mujeres por raz\u00f3n de g\u00e9nero y la urgencia de implementar acciones sustantivas para combatirla.<\/p>\n\n\n\n<p>\u201cEn el marco de la conmemoraci\u00f3n de las luchas por la igualdad de las mujeres, las consejeras y consejeros hemos emprendido una acci\u00f3n sustantiva dentro de nuestro Instituto como lo es la creaci\u00f3n de la Unidad de G\u00e9nero y No Discriminaci\u00f3n con el objetivo de transversalizar e institucionalizar la perspectiva de g\u00e9nero en todas las estructuras, procesos y acciones del Instituto y en sus decisiones\u201d, sentenci\u00f3. &nbsp;<\/p>\n\n\n\n<p>Posterior a la sesi\u00f3n, S\u00e1nchez Gonz\u00e1lez hizo un reconocimiento p\u00fablico a las consejeras Carmelita Sibaja Ochoa, Jessica Jazibe Hern\u00e1ndez Garc\u00eda, Nayma Enr\u00edquez Estrada y Zaira Alhel\u00ed Hip\u00f3lito L\u00f3pez por su contribuci\u00f3n en la defensa de los derechos de las mujeres y la promoci\u00f3n de la Igualdad de G\u00e9nero, ya que sus aportes han consolidado la participaci\u00f3n pol\u00edtica de las oaxaque\u00f1as.<\/p>\n","protected":false},"excerpt":{"rendered":"<p>Redacci\u00f3n\/Zona Roja. Oaxaca de Ju\u00e1rez, Oax., 8 de marzo de 2022.- En el marco del&hellip;<\/p>\n","protected":false},"author":2,"featured_media":38522,"comment_status":"closed","ping_status":"open","sticky":false,"template":"","format":"standard","meta":{"_lmt_disableupdate":"","_lmt_disable":"","_jetpack_memberships_contains_paid_content":false,"footnotes":""},"categories":[109,46],"tags":[2932],"class_list":["post-38521","post","type-post","status-publish","format-standard","has-post-thumbnail","hentry","category-minuto-a-minuto","category-zona-blanca","tag-instituto-estatal-electoral-y-de-participacion-ciudadana-de-oaxaca-ieepco"],"jetpack_featured_media_url":"https:\/\/zonaroja.com.mx\/wp-content\/uploads\/2022\/03\/sesion-IEEPCO-1.jpg","jetpack_sharing_enabled":true,"_links":{"self":[{"href":"https:\/\/zonaroja.com.mx\/index.php?rest_route=\/wp\/v2\/posts\/38521","targetHints":{"allow":["GET"]}}],"collection":[{"href":"https:\/\/zonaroja.com.mx\/index.php?rest_route=\/wp\/v2\/posts"}],"about":[{"href":"https:\/\/zonaroja.com.mx\/index.php?rest_route=\/wp\/v2\/types\/post"}],"author":[{"embeddable":true,"href":"https:\/\/zonaroja.com.mx\/index.php?rest_route=\/wp\/v2\/users\/2"}],"replies":[{"embeddable":true,"href":"https:\/\/zonaroja.com.mx\/index.php?rest_route=%2Fwp%2Fv2%2Fcomments&post=38521"}],"version-history":[{"count":2,"href":"https:\/\/zonaroja.com.mx\/index.php?rest_route=\/wp\/v2\/posts\/38521\/revisions"}],"predecessor-version":[{"id":38534,"href":"https:\/\/zonaroja.com.mx\/index.php?rest_route=\/wp\/v2\/posts\/38521\/revisions\/38534"}],"wp:featuredmedia":[{"embeddable":true,"href":"https:\/\/zonaroja.com.mx\/index.php?rest_route=\/wp\/v2\/media\/38522"}],"wp:attachment":[{"href":"https:\/\/zonaroja.com.mx\/index.php?rest_route=%2Fwp%2Fv2%2Fmedia&parent=38521"}],"wp:term":[{"taxonomy":"category","embeddable":true,"href":"https:\/\/zonaroja.com.mx\/index.php?rest_route=%2Fwp%2Fv2%2Fcategories&post=38521"},{"taxonomy":"post_tag","embeddable":true,"href":"https:\/\/zonaroja.com.mx\/index.php?rest_route=%2Fwp%2Fv2%2Ftags&post=38521"}],"curies":[{"name":"wp","href":"https:\/\/api.w.org\/{rel}","templated":true}]}}