{"id":38524,"date":"2022-03-08T19:17:08","date_gmt":"2022-03-09T01:17:08","guid":{"rendered":"http:\/\/www.zonaroja.com.mx\/?p=38524"},"modified":"2022-03-08T19:39:11","modified_gmt":"2022-03-09T01:39:11","slug":"genera-consejo-municipal-condiciones-para-elecciones-en-san-antonio-de-cal","status":"publish","type":"post","link":"https:\/\/zonaroja.com.mx\/?p=38524","title":{"rendered":"Genera Consejo Municipal condiciones para elecciones en San Antonio de Cal"},"content":{"rendered":"\n<p>Yuridiana Sosa\/Zona Roja.<\/p>\n\n\n\n<p>Oaxaca de Ju\u00e1rez, Oax., 08 de marzo de 2022.- &nbsp;El Consejo Municipal de San Antonio de la Cal, en la zona conurbada de la capital, se\u00f1al\u00f3 que junto con el Instituto Estatal Electoral y de Participaci\u00f3n Ciudadana de Oaxaca (IEEPCO), trabajan para el desarrollo de una nueva jornada electoral.<\/p>\n\n\n\n<p>Tras la \u201ctoma\u201d de las oficinas de este Consejo en la cabecera municipal, por parte de un reducido grupo de inconformes el pasado domingo 6 de marzo, sus integrantes dieron a conocer que no existen motivos para sostener que el Consejo Municipal no ha acatado las indicaciones de las autoridades electorales, federal y estatal.<\/p>\n\n\n\n<p>El presidente del Consejo, Erasmo V\u00edctor Garc\u00eda Cruz, apunt\u00f3 que han sostenido reuniones, por plataformas digitales y digitales, con la Direcci\u00f3n Ejecutiva de Sistemas Normativos Internos del IEEPCO para la preparaci\u00f3n de una nueva elecci\u00f3n, entre las m\u00e1s recientes realizadas en enero y febrero el alcalde y quien se encuentra inconforme con dicho grupo, no ha asistido.<\/p>\n\n\n\n<figure class=\"wp-block-embed is-type-rich is-provider-twitter wp-block-embed-twitter\"><div class=\"wp-block-embed__wrapper\">\n<div class=\"twitter-tweet\"><blockquote class=\"twitter-tweet\" data-lang=\"es\"><p lang=\"es\" dir=\"ltr\"><a href=\"https:\/\/twitter.com\/hashtag\/ENVIVO?src=hash&amp;ref_src=twsrc%5Etfw\">#ENVIVO<\/a><br>Oaxaca de Ju\u00e1rez, Oax., 8 de marzo de 2022.- Conferencia de prensa del consejo municipal de San Antonio de la Cal, acerca de la situaci\u00f3n que priva en ese municipio conurbado a la capital.<br>Aqu\u00ed la transmisi\u00f3n:<br>\ud83d\udc47<a href=\"https:\/\/t.co\/BR5fZg7TFk\">https:\/\/t.co\/BR5fZg7TFk<\/a> <a href=\"https:\/\/t.co\/m4E7y6FXFL\">pic.twitter.com\/m4E7y6FXFL<\/a><\/p>&mdash; Zona Roja Oaxaca (@ZonaRoja_Oaxaca) <a href=\"https:\/\/twitter.com\/ZonaRoja_Oaxaca\/status\/1501228603601604609?ref_src=twsrc%5Etfw\">8 de marzo de 2022<\/a><\/blockquote><\/div>\n<\/div><\/figure>\n\n\n\n<p>\u201cComo Consejo hemos encaminado los asuntos electorales para que se lleven a cabo las nuevas elecciones, por lo que pedimos al pueblo guardar cordura\u201d, sostuvo Garc\u00eda Cruz.<\/p>\n\n\n\n<p>Pese al cierre de sus oficinas, apuntaron los integrantes, que los servicios b\u00e1sicos, de distribuci\u00f3n de agua, seguridad y recolecci\u00f3n de basura, quedan restablecidos este martes y agregaron que con el recurso asignado tambi\u00e9n se han realizado obras y acciones a favor de la comunidad, lo cual se puede comprobar.<\/p>\n\n\n\n<p>El pasado mes de julio de 2021, el Congreso de Oaxaca aprob\u00f3 la designaci\u00f3n e integraci\u00f3n de este Consejo, en dicho municipio de los Valles Centrales, el cual estar\u00e1n en funciones hasta en tanto se realicen las elecciones extraordinarias o en su caso, al \u00faltimo d\u00eda del periodo constitucional del gobierno municipal, 2020-2022.<\/p>\n\n\n\n<p>Por su parte, en ese mismo mes, El Tribunal Electoral del Poder Judicial de la Federaci\u00f3n orden\u00f3 una nueva jornada electoral.&nbsp;<\/p>\n","protected":false},"excerpt":{"rendered":"<p>Yuridiana Sosa\/Zona Roja. Oaxaca de Ju\u00e1rez, Oax., 08 de marzo de 2022.- &nbsp;El Consejo Municipal&hellip;<\/p>\n","protected":false},"author":2,"featured_media":38528,"comment_status":"closed","ping_status":"open","sticky":false,"template":"","format":"standard","meta":{"_lmt_disableupdate":"","_lmt_disable":"","_jetpack_memberships_contains_paid_content":false,"footnotes":""},"categories":[109,46],"tags":[875],"class_list":["post-38524","post","type-post","status-publish","format-standard","has-post-thumbnail","hentry","category-minuto-a-minuto","category-zona-blanca","tag-san-antonio-de-la-cal"],"jetpack_featured_media_url":"https:\/\/zonaroja.com.mx\/wp-content\/uploads\/2022\/03\/fe51e0a7-76f5-4398-bb71-a562544ea193-1.jpg","jetpack_sharing_enabled":true,"_links":{"self":[{"href":"https:\/\/zonaroja.com.mx\/index.php?rest_route=\/wp\/v2\/posts\/38524","targetHints":{"allow":["GET"]}}],"collection":[{"href":"https:\/\/zonaroja.com.mx\/index.php?rest_route=\/wp\/v2\/posts"}],"about":[{"href":"https:\/\/zonaroja.com.mx\/index.php?rest_route=\/wp\/v2\/types\/post"}],"author":[{"embeddable":true,"href":"https:\/\/zonaroja.com.mx\/index.php?rest_route=\/wp\/v2\/users\/2"}],"replies":[{"embeddable":true,"href":"https:\/\/zonaroja.com.mx\/index.php?rest_route=%2Fwp%2Fv2%2Fcomments&post=38524"}],"version-history":[{"count":1,"href":"https:\/\/zonaroja.com.mx\/index.php?rest_route=\/wp\/v2\/posts\/38524\/revisions"}],"predecessor-version":[{"id":38525,"href":"https:\/\/zonaroja.com.mx\/index.php?rest_route=\/wp\/v2\/posts\/38524\/revisions\/38525"}],"wp:featuredmedia":[{"embeddable":true,"href":"https:\/\/zonaroja.com.mx\/index.php?rest_route=\/wp\/v2\/media\/38528"}],"wp:attachment":[{"href":"https:\/\/zonaroja.com.mx\/index.php?rest_route=%2Fwp%2Fv2%2Fmedia&parent=38524"}],"wp:term":[{"taxonomy":"category","embeddable":true,"href":"https:\/\/zonaroja.com.mx\/index.php?rest_route=%2Fwp%2Fv2%2Fcategories&post=38524"},{"taxonomy":"post_tag","embeddable":true,"href":"https:\/\/zonaroja.com.mx\/index.php?rest_route=%2Fwp%2Fv2%2Ftags&post=38524"}],"curies":[{"name":"wp","href":"https:\/\/api.w.org\/{rel}","templated":true}]}}