{"id":38527,"date":"2022-03-08T20:51:26","date_gmt":"2022-03-09T02:51:26","guid":{"rendered":"http:\/\/www.zonaroja.com.mx\/?p=38527"},"modified":"2022-03-08T20:51:28","modified_gmt":"2022-03-09T02:51:28","slug":"de-nuevo-ambulantes-se-van-contra-martinez-neri-edil-los-frena-con-policia","status":"publish","type":"post","link":"https:\/\/zonaroja.com.mx\/?p=38527","title":{"rendered":"De nuevo, ambulantes se van contra Mart\u00ednez Neri; edil los frena con polic\u00eda"},"content":{"rendered":"\n<p>Yuridiana Sosa\/Zona Roja.<\/p>\n\n\n\n<p>Oaxaca de Ju\u00e1rez, Oax., 8 de marzo de 2022.- \u201c\u00a1Somos comerciantes, no somos delincuentes!\u201d \u201c\u00a1Neri represor, sal y da la cara!\u201d gritaron con enojo los vendedores ambulantes frente a un bloque de elementos policiales que resguardaban el acceso principal del palacio municipal, donde el letrero \u201cCasa del pueblo\u201d da la bienvenida.<\/p>\n\n\n\n<p>Los comerciantes en v\u00eda p\u00fablica se manifestaron hoy para exigir que le sean devueltos sus espacios quitados tras el operativo contra los ambulantes, as\u00ed como denunciaron abusos de la directora de Comercio, Bibiana Garc\u00eda.<\/p>\n\n\n\n<p>A temprana hora de este martes, salieron en marcha de las inmediaciones de la Central de Abasto para dirigirse al palacio municipal, en Plaza de la Danza, donde fueron recibidos con una guardia de elementos policiales con equipo antimot\u00edn, lo que provoc\u00f3 el enojo de los manifestantes.<\/p>\n\n\n\n<p>\u201c\u00a1Comerciantes unidos, jam\u00e1s ser\u00e1n vencidos!\u201d, \u201c\u00a1No a la represi\u00f3n, s\u00ed a la soluci\u00f3n!\u201d, \u201c\u00a1Neri, te escondes y no respondes!\u201d, condenaron los vendedores.<\/p>\n\n\n\n<p>Luego de varios minutos, una comisi\u00f3n de 10 personas ingres\u00f3 a palacio municipal para dialogar con funcionarios encabezados por Felipe Canseco Ruiz, secretario de Gobierno Municipal.<\/p>\n\n\n\n<figure class=\"wp-block-embed is-type-rich is-provider-twitter wp-block-embed-twitter\"><div class=\"wp-block-embed__wrapper\">\n<div class=\"twitter-tweet\"><blockquote class=\"twitter-tweet\" data-lang=\"es\"><p lang=\"es\" dir=\"ltr\"><a href=\"https:\/\/twitter.com\/hashtag\/%C3%9AltimoMinuto?src=hash&amp;ref_src=twsrc%5Etfw\">#\u00daltimoMinuto<\/a> <br>A falta de capacidad para atender las demandas sociales en <a href=\"https:\/\/twitter.com\/hashtag\/Oaxaca?src=hash&amp;ref_src=twsrc%5Etfw\">#Oaxaca<\/a> de Ju\u00e1rez, el edil del <a href=\"https:\/\/twitter.com\/MunicipioOaxaca?ref_src=twsrc%5Etfw\">@MunicipioOaxaca<\/a>, <a href=\"https:\/\/twitter.com\/FMartinezNeri?ref_src=twsrc%5Etfw\">@FMartinezNeri<\/a> ordena a elementos de la polic\u00eda municipal contener la protesta de comerciantes ambulantes, en el palacio municipal. <a href=\"https:\/\/t.co\/YMvae4pAfw\">pic.twitter.com\/YMvae4pAfw<\/a><\/p>&mdash; Zona Roja Oaxaca (@ZonaRoja_Oaxaca) <a href=\"https:\/\/twitter.com\/ZonaRoja_Oaxaca\/status\/1501268308607352841?ref_src=twsrc%5Etfw\">8 de marzo de 2022<\/a><\/blockquote><\/div>\n<\/div><\/figure>\n\n\n\n<p>DESALOJO<\/p>\n\n\n\n<p>Por otra parte, ante el arribo de un grupo de pobladores de San Crist\u00f3bal Amatl\u00e1n, de la Sierra Sur, se activ\u00f3 la evacuaci\u00f3n del personal de gobierno en Ciudad Administrativa, Tlalixtac de Cabrera, luego de la experiencia de ayer de ser v\u00edctimas de los actos violentos del lunes por la Uni\u00f3n de Autoridades de la Sierra Sur.<\/p>\n\n\n\n<p>Los manifestantes primero \u201ctomaron\u201d unidades del transporte para bloquear la carretera internacional 190, en cercan\u00eda del complejo en Tlalixtac de Cabrera y despu\u00e9s arribaron a los accesos de Ciudad Administrativa, portando palos y piedras. Pese a esto, en esta ocasi\u00f3n no se reportaron destrozos.<\/p>\n\n\n\n<p>Mientras que en la capital continuaron otras manifestaciones y bloqueos, como el de un grupo reducido de docentes del nivel Secundaria, de la Secci\u00f3n 22 del SNTE, que desde ayer instalaron un bloqueo en la calzada H\u00e9roes de Chapultepec y avenida Ju\u00e1rez de la capital, y al paso de las horas de este martes se redujo a la obstrucci\u00f3n de la calzada Porfirio D\u00edaz.<\/p>\n\n\n\n<p>Estudiantes normalistas, ahora \u201ctomaron\u201d las instalaciones de los Servicios de Administraci\u00f3n Tributaria (SAT) en la calle de Garc\u00eda Vigil, en el Centro Hist\u00f3rico de la capital, la cual tambi\u00e9n estuvo cerrada a la circulaci\u00f3n vial.<\/p>\n\n\n\n<p>En ambos casos, el IEEPO afirma que no hay peticiones ni pagos pendientes para cubrir, adem\u00e1s que hay disposici\u00f3n de atenci\u00f3n.<\/p>\n\n\n\n<p>Por otra parte, las organizaciones Consejo Ind\u00edgena Popular de Oaxaca \u201cRicardo Flores Mag\u00f3n\u201d y Frente Popular Revolucionario (FPR) bloquearon la avenida Ju\u00e1rez, frente a Casa oficial e integrantes del Sindicato \u00danico de Trabajadores del Colegio Superior para la Educaci\u00f3n Integral Intercultural de Oaxaca marcharon para exigir soluci\u00f3n a su pliego de demandas y &nbsp;la salida inmediata de Emilia Garc\u00eda Guzm\u00e1n, directora general.<\/p>\n","protected":false},"excerpt":{"rendered":"<p>Yuridiana Sosa\/Zona Roja. Oaxaca de Ju\u00e1rez, Oax., 8 de marzo de 2022.- \u201c\u00a1Somos comerciantes, no&hellip;<\/p>\n","protected":false},"author":2,"featured_media":38529,"comment_status":"closed","ping_status":"open","sticky":false,"template":"","format":"standard","meta":{"_lmt_disableupdate":"","_lmt_disable":"","_jetpack_memberships_contains_paid_content":false,"footnotes":""},"categories":[109,47],"tags":[2418],"class_list":["post-38527","post","type-post","status-publish","format-standard","has-post-thumbnail","hentry","category-minuto-a-minuto","category-zona-gris","tag-francisco-martinez-neri"],"jetpack_featured_media_url":"https:\/\/zonaroja.com.mx\/wp-content\/uploads\/2022\/03\/Protesta-palacio-municipan.jpg","jetpack_sharing_enabled":true,"_links":{"self":[{"href":"https:\/\/zonaroja.com.mx\/index.php?rest_route=\/wp\/v2\/posts\/38527","targetHints":{"allow":["GET"]}}],"collection":[{"href":"https:\/\/zonaroja.com.mx\/index.php?rest_route=\/wp\/v2\/posts"}],"about":[{"href":"https:\/\/zonaroja.com.mx\/index.php?rest_route=\/wp\/v2\/types\/post"}],"author":[{"embeddable":true,"href":"https:\/\/zonaroja.com.mx\/index.php?rest_route=\/wp\/v2\/users\/2"}],"replies":[{"embeddable":true,"href":"https:\/\/zonaroja.com.mx\/index.php?rest_route=%2Fwp%2Fv2%2Fcomments&post=38527"}],"version-history":[{"count":1,"href":"https:\/\/zonaroja.com.mx\/index.php?rest_route=\/wp\/v2\/posts\/38527\/revisions"}],"predecessor-version":[{"id":38530,"href":"https:\/\/zonaroja.com.mx\/index.php?rest_route=\/wp\/v2\/posts\/38527\/revisions\/38530"}],"wp:featuredmedia":[{"embeddable":true,"href":"https:\/\/zonaroja.com.mx\/index.php?rest_route=\/wp\/v2\/media\/38529"}],"wp:attachment":[{"href":"https:\/\/zonaroja.com.mx\/index.php?rest_route=%2Fwp%2Fv2%2Fmedia&parent=38527"}],"wp:term":[{"taxonomy":"category","embeddable":true,"href":"https:\/\/zonaroja.com.mx\/index.php?rest_route=%2Fwp%2Fv2%2Fcategories&post=38527"},{"taxonomy":"post_tag","embeddable":true,"href":"https:\/\/zonaroja.com.mx\/index.php?rest_route=%2Fwp%2Fv2%2Ftags&post=38527"}],"curies":[{"name":"wp","href":"https:\/\/api.w.org\/{rel}","templated":true}]}}