{"id":38535,"date":"2022-03-08T22:25:49","date_gmt":"2022-03-09T04:25:49","guid":{"rendered":"http:\/\/www.zonaroja.com.mx\/?p=38535"},"modified":"2022-03-08T22:25:52","modified_gmt":"2022-03-09T04:25:52","slug":"martes-mortal-en-oaxaca-15-decesos-a-causa-del-covid","status":"publish","type":"post","link":"https:\/\/zonaroja.com.mx\/?p=38535","title":{"rendered":"Martes mortal en Oaxaca: 15 decesos a causa del Covid"},"content":{"rendered":"\n<p>Redacci\u00f3n\/Zona Roja.<\/p>\n\n\n\n<p>Oaxaca de Ju\u00e1rez, Oax. 8 de marzo de 2022.- Los Servicios de Salud de Oaxaca (SSO) reportaron este 8 de marzo una disminuci\u00f3n de casos activos de Covid-19, aquellos que presentaron s\u00edntomas en los \u00faltimos 14 d\u00edas, al reportar un total de 765 con presencia en 115 municipios.<\/p>\n\n\n\n<p>Asimismo, la dependencia destac\u00f3 que, la ocupaci\u00f3n de camas se mantiene con tendencia a la baja con 18.9% de saturaci\u00f3n; en esta jornada ingresaron cinco personas a hospitalizaci\u00f3n, para un total de 75 camas ocupadas, con siete nosocomios al 100% de su capacidad.<\/p>\n\n\n\n<p>En las \u00faltimas 24 horas se notificaron 175 nuevos contagios y 15 muertes m\u00e1s, con estos nuevos confirmados, la cifra total es de 117 mil 996 infectados por el virus y 6 mil 056 fallecimientos acumulados.<\/p>\n\n\n\n<p>Por Jurisdicci\u00f3n Sanitaria, Valles Centrales contabiliz\u00f3 72 mil 040 confirmados, 405 activos y dos mil 651 defunciones; Istmo 16 mil 429 confirmados, 192 activos y mil 330 defunciones; Tuxtepec ocho mil 815 confirmados, 79 activos y 606 defunciones; Costa ocho mil 206 confirmados, 46 activos y 503 defunciones; Mixteca ocho mil 697 confirmados, 22 activos y 623 defunciones; Sierra tres mil 809 confirmados, 21 activos y 343 confirmados.<\/p>\n\n\n\n<figure class=\"wp-block-embed is-type-rich is-provider-twitter wp-block-embed-twitter\"><div class=\"wp-block-embed__wrapper\">\n<div class=\"twitter-tweet\"><blockquote class=\"twitter-tweet\" data-lang=\"es\"><p lang=\"es\" dir=\"ltr\"><a href=\"https:\/\/twitter.com\/hashtag\/%C3%9AltimoMinuto?src=hash&amp;ref_src=twsrc%5Etfw\">#\u00daltimoMinuto<\/a><br>Este martes, los <a href=\"https:\/\/twitter.com\/SSO_GobOax?ref_src=twsrc%5Etfw\">@SSO_GobOax<\/a> reportaron 175 casos positivos a Covid-19, 15 defunciones y 765 casos activos.<br>Las sumas totales son 117 mil 996 casos confirmados y 6 mil 56 decesos.<br>Hay 7 nosocomios saturados; la ocupaci\u00f3n hospitalaria promedio es de 18.9%. <a href=\"https:\/\/t.co\/MJ5kP9Gznq\">pic.twitter.com\/MJ5kP9Gznq<\/a><\/p>&mdash; Zona Roja Oaxaca (@ZonaRoja_Oaxaca) <a href=\"https:\/\/twitter.com\/ZonaRoja_Oaxaca\/status\/1501386950716100609?ref_src=twsrc%5Etfw\">9 de marzo de 2022<\/a><\/blockquote><\/div>\n<\/div><\/figure>\n\n\n\n<p>Los 175 casos nuevos se distribuyen en 56 municipios, siendo los principales Oaxaca de Ju\u00e1rez con 42, Santa Cruz Xoxocotl\u00e1n con 11, San Juan Bautista Tuxtepec con 10, Salina Cruz con ocho y Ciudad Ixtepec con seis, por mencionar algunos.<\/p>\n\n\n\n<p>En caso de s\u00edntomas de COVID-19, es necesario aislarse por siete d\u00edas, como establece el Lineamiento Estandarizado para la Vigilancia Epidemiol\u00f3gica y por Laboratorio de la Enfermedad Respiratoria Viral, as\u00ed como mantenerse pendiente a la evoluci\u00f3n de la enfermedad, y en caso de complicaciones, se debe solicitar atenci\u00f3n m\u00e9dica y no automedicarse.<\/p>\n\n\n\n<p>La dependencia record\u00f3 a la poblaci\u00f3n que existen cinco centros de valoraci\u00f3n de primer contacto en la zona conurbada ubicados en los hospitales, General de Zona 1 del IMSS, Regional Presidente Ju\u00e1rez del ISSSTE, General Dr. Aurelio Valdivieso, Regional de Alta Especialidad de Oaxaca y el Centro de Salud Urbano 1, ante cualquier emergencia pueden marcar al 911.&nbsp;<\/p>\n","protected":false},"excerpt":{"rendered":"<p>Redacci\u00f3n\/Zona Roja. Oaxaca de Ju\u00e1rez, Oax. 8 de marzo de 2022.- Los Servicios de Salud&hellip;<\/p>\n","protected":false},"author":2,"featured_media":38536,"comment_status":"closed","ping_status":"open","sticky":false,"template":"","format":"standard","meta":{"_lmt_disableupdate":"","_lmt_disable":"","_jetpack_memberships_contains_paid_content":false,"footnotes":""},"categories":[109,47],"tags":[1512],"class_list":["post-38535","post","type-post","status-publish","format-standard","has-post-thumbnail","hentry","category-minuto-a-minuto","category-zona-gris","tag-coronavirus-oaxaca"],"jetpack_featured_media_url":"https:\/\/zonaroja.com.mx\/wp-content\/uploads\/2022\/03\/Covid-8-de-marzo.jpg","jetpack_sharing_enabled":true,"_links":{"self":[{"href":"https:\/\/zonaroja.com.mx\/index.php?rest_route=\/wp\/v2\/posts\/38535","targetHints":{"allow":["GET"]}}],"collection":[{"href":"https:\/\/zonaroja.com.mx\/index.php?rest_route=\/wp\/v2\/posts"}],"about":[{"href":"https:\/\/zonaroja.com.mx\/index.php?rest_route=\/wp\/v2\/types\/post"}],"author":[{"embeddable":true,"href":"https:\/\/zonaroja.com.mx\/index.php?rest_route=\/wp\/v2\/users\/2"}],"replies":[{"embeddable":true,"href":"https:\/\/zonaroja.com.mx\/index.php?rest_route=%2Fwp%2Fv2%2Fcomments&post=38535"}],"version-history":[{"count":1,"href":"https:\/\/zonaroja.com.mx\/index.php?rest_route=\/wp\/v2\/posts\/38535\/revisions"}],"predecessor-version":[{"id":38537,"href":"https:\/\/zonaroja.com.mx\/index.php?rest_route=\/wp\/v2\/posts\/38535\/revisions\/38537"}],"wp:featuredmedia":[{"embeddable":true,"href":"https:\/\/zonaroja.com.mx\/index.php?rest_route=\/wp\/v2\/media\/38536"}],"wp:attachment":[{"href":"https:\/\/zonaroja.com.mx\/index.php?rest_route=%2Fwp%2Fv2%2Fmedia&parent=38535"}],"wp:term":[{"taxonomy":"category","embeddable":true,"href":"https:\/\/zonaroja.com.mx\/index.php?rest_route=%2Fwp%2Fv2%2Fcategories&post=38535"},{"taxonomy":"post_tag","embeddable":true,"href":"https:\/\/zonaroja.com.mx\/index.php?rest_route=%2Fwp%2Fv2%2Ftags&post=38535"}],"curies":[{"name":"wp","href":"https:\/\/api.w.org\/{rel}","templated":true}]}}