{"id":38538,"date":"2022-03-09T06:52:27","date_gmt":"2022-03-09T12:52:27","guid":{"rendered":"http:\/\/www.zonaroja.com.mx\/?p=38538"},"modified":"2022-03-09T06:53:02","modified_gmt":"2022-03-09T12:53:02","slug":"analisis-juridico-desde-enfoques-de-genero-tema-de-conversatorio-organizado-por-pjeo","status":"publish","type":"post","link":"https:\/\/zonaroja.com.mx\/?p=38538","title":{"rendered":"An\u00e1lisis jur\u00eddico desde enfoques de g\u00e9nero, tema de conversatorio organizado por PJEO"},"content":{"rendered":"\n<p>Redacci\u00f3n\/Zona Roja.<\/p>\n\n\n\n<p>Oaxaca de Ju\u00e1rez, Oax., 9 de marzo de 2022.- &nbsp;El Poder Judicial del Estado invita a participar en el Conversatorio Caso Digna Ochoa, an\u00e1lisis jur\u00eddico desde los enfoques de g\u00e9nero, interseccionalidad y diferenciados, a realizarse el pr\u00f3ximo viernes 18 de marzo, a&nbsp;partir de&nbsp;las 10:30 horas, el cual&nbsp;tendr\u00e1 como ponentes a las especialistas Karla Micheel Salas Ram\u00edrez y Daniela del Carmen Su\u00e1rez de los Santos.&nbsp;<\/p>\n\n\n\n<p>La actividad, en el marco del D\u00eda Internacional de la Mujer, 8 de marzo, se organiza a trav\u00e9s de la Direcci\u00f3n de Derechos Humanos, la Unidad de G\u00e9nero del Consejo de la Judicatura y&nbsp;con&nbsp;la colaboraci\u00f3n del Colegio de Abogados Penalistas, A.C., con la finalidad de analizar este caso emblem\u00e1tico, ocurrido en 2001, cuyo proceso se ha llevado hasta concluir en la Corte Interamericana de Derechos Humanos&nbsp;(CIDH).&nbsp;<\/p>\n\n\n\n<p>La maestra Karla Micheel Salas Ram\u00edrez, abogada feminista y defensora de los derechos humanos, A.C., es coordinadora jur\u00eddica del Grupo de Acci\u00f3n para los derechos humanos y la justicia social; en tanto que la maestra Daniela del Carmen Su\u00e1rez de los Santos,&nbsp;se desempe\u00f1a como subdirectora general de Planeaci\u00f3n Estrat\u00e9gica y Seguimiento de Proyectos, de la Direcci\u00f3n General de Derechos Humanos de la Suprema Corte de Justicia de la Naci\u00f3n.&nbsp;<\/p>\n\n\n\n<p>Este 8 de marzo, el Poder Judicial del Estado se suma a la conmemoraci\u00f3n del&nbsp;D\u00eda Internacional de la Mujer y&nbsp;reafirma su compromiso de contribuir en el reconocimiento y respeto de los derechos de las&nbsp;mujeres y las ni\u00f1as a una vida libre de violencia y discriminaci\u00f3n, as\u00ed como a su acceso a la&nbsp;justicia en condiciones de igualdad y con perspectiva de g\u00e9nero.<\/p>\n\n\n\n<p>A&nbsp;trav\u00e9s de la Direcci\u00f3n de Derechos Humanos&nbsp;se&nbsp;hanimplementado diversas herramientas y estrategias para transversalizar el tema de la perspectiva de g\u00e9nero tanto al exterior como al interior de la instituci\u00f3n; entre ellas, la creaci\u00f3n de la Unidad de Igualdad de G\u00e9nero, el seguimiento a la alerta deviolencia de g\u00e9nero en&nbsp;la entidad desde el \u00e1mbito que corresponde a la instituci\u00f3n y la consolidaci\u00f3n de la Sala Ind\u00edgena, \u00fanica en el pa\u00eds.&nbsp;<\/p>\n\n\n\n<p>Asimismo, se impulsa la&nbsp;formaci\u00f3n continua&nbsp;en colaboraci\u00f3n con&nbsp;otras instituciones de car\u00e1cter educativo&nbsp;y sociedad civil, as\u00ed como&nbsp;organismos del&nbsp;Estado mexicano, con el objetivo de mantener un aprendizaje&nbsp;constante que se refleje en el quehacer diario de juezas, jueces y personal jurisdiccional.&nbsp;<\/p>\n\n\n\n<p>El conversatorio&nbsp;Caso Digna Ochoa, an\u00e1lisis jur\u00eddico desde los enfoques de g\u00e9nero, interseccionalidad y diferenciados,&nbsp;se puede seguir a trav\u00e9s de&nbsp;la plataforma&nbsp;en&nbsp;Facebook:@DerechosHumanosPJEO.<\/p>\n","protected":false},"excerpt":{"rendered":"<p>Redacci\u00f3n\/Zona Roja. Oaxaca de Ju\u00e1rez, Oax., 9 de marzo de 2022.- &nbsp;El Poder Judicial del&hellip;<\/p>\n","protected":false},"author":2,"featured_media":38539,"comment_status":"closed","ping_status":"open","sticky":false,"template":"","format":"standard","meta":{"_lmt_disableupdate":"","_lmt_disable":"","_jetpack_memberships_contains_paid_content":false,"footnotes":""},"categories":[109,46],"tags":[223],"class_list":["post-38538","post","type-post","status-publish","format-standard","has-post-thumbnail","hentry","category-minuto-a-minuto","category-zona-blanca","tag-poder-judicial-de-oaxaca"],"jetpack_featured_media_url":"https:\/\/zonaroja.com.mx\/wp-content\/uploads\/2022\/03\/Karla-Micheel-Salas.jpg","jetpack_sharing_enabled":true,"_links":{"self":[{"href":"https:\/\/zonaroja.com.mx\/index.php?rest_route=\/wp\/v2\/posts\/38538","targetHints":{"allow":["GET"]}}],"collection":[{"href":"https:\/\/zonaroja.com.mx\/index.php?rest_route=\/wp\/v2\/posts"}],"about":[{"href":"https:\/\/zonaroja.com.mx\/index.php?rest_route=\/wp\/v2\/types\/post"}],"author":[{"embeddable":true,"href":"https:\/\/zonaroja.com.mx\/index.php?rest_route=\/wp\/v2\/users\/2"}],"replies":[{"embeddable":true,"href":"https:\/\/zonaroja.com.mx\/index.php?rest_route=%2Fwp%2Fv2%2Fcomments&post=38538"}],"version-history":[{"count":2,"href":"https:\/\/zonaroja.com.mx\/index.php?rest_route=\/wp\/v2\/posts\/38538\/revisions"}],"predecessor-version":[{"id":38541,"href":"https:\/\/zonaroja.com.mx\/index.php?rest_route=\/wp\/v2\/posts\/38538\/revisions\/38541"}],"wp:featuredmedia":[{"embeddable":true,"href":"https:\/\/zonaroja.com.mx\/index.php?rest_route=\/wp\/v2\/media\/38539"}],"wp:attachment":[{"href":"https:\/\/zonaroja.com.mx\/index.php?rest_route=%2Fwp%2Fv2%2Fmedia&parent=38538"}],"wp:term":[{"taxonomy":"category","embeddable":true,"href":"https:\/\/zonaroja.com.mx\/index.php?rest_route=%2Fwp%2Fv2%2Fcategories&post=38538"},{"taxonomy":"post_tag","embeddable":true,"href":"https:\/\/zonaroja.com.mx\/index.php?rest_route=%2Fwp%2Fv2%2Ftags&post=38538"}],"curies":[{"name":"wp","href":"https:\/\/api.w.org\/{rel}","templated":true}]}}