{"id":38544,"date":"2022-03-09T07:16:24","date_gmt":"2022-03-09T13:16:24","guid":{"rendered":"http:\/\/www.zonaroja.com.mx\/?p=38544"},"modified":"2022-03-09T07:16:26","modified_gmt":"2022-03-09T13:16:26","slug":"aprueba-ieepco-candidaturas-a-concejalias-en-7-municipios-para-elecciones-extraordinarias","status":"publish","type":"post","link":"https:\/\/zonaroja.com.mx\/?p=38544","title":{"rendered":"Aprueba IEEPCO candidaturas a concejal\u00edas en 7 municipios para elecciones extraordinarias"},"content":{"rendered":"\n<p>Redacci\u00f3n\/Zona Roja.<\/p>\n\n\n\n<p>Oaxaca de Ju\u00e1rez, Oax., 9 de marzo de 2022.- El Consejo General del Instituto Estatal Electoral y de Participaci\u00f3n Ciudadana de Oaxaca (IEEPCO) aprob\u00f3 el registro de forma supletoria de las candidaturas a las concejal\u00edas postuladas por los partidos pol\u00edticos y las candidaturas comunes en las Elecciones Extraordinarias 2022. &nbsp;<\/p>\n\n\n\n<p>Lo anterior correspondiente a la jornada electoral programada para el pr\u00f3ximo 27 de marzo en los municipios de Chahuites, Reforma de Pineda, Santa Cruz Xoxocotl\u00e1n, San Pablo Villa de Mitla, Santa Mar\u00eda Mixtequilla, Santiago Laollaga y Santa Mar\u00eda Xadani. &nbsp;<\/p>\n\n\n\n<p>En sesi\u00f3n extraordinaria urgente y tras el an\u00e1lisis de cada uno de los registros, las consejeras y consejeros electorales determinaron que cumplieron con los principios de paridad y acciones afirmativas para poblaciones en situaci\u00f3n de vulnerabilidad, con las que participaron en el Proceso Electoral Ordinario 2020-2021. &nbsp;<\/p>\n\n\n\n<p>Por ello solicitaron se expidan las constancias correspondientes a quienes encabezan las candidaturas a fin de que inicien con sus actividades de campa\u00f1a durante el periodo del 9 al 23 de marzo de 2022 tal y como lo establece el calendario electoral. &nbsp;<\/p>\n\n\n\n<p>Durante dicha sesi\u00f3n estuvieron presentes la consejera presidenta el Instituto, Elizabeth S\u00e1nchez Gonz\u00e1lez; las consejeras electorales Carmelita Sibaja Ochoa, Jessica Jazibe Hern\u00e1ndez Garc\u00eda, Nayma Enr\u00edquez Estrada y Zaira Alhel\u00ed Hip\u00f3lito L\u00f3pez; as\u00ed como los consejeros electorales Alejandro Carrasco Sampedro y Wilfrido Almaraz Santib\u00e1\u00f1ez. &nbsp;<\/p>\n\n\n\n<p>As\u00ed mismo las representaciones de los partidos pol\u00edticos quienes reconocieron a la Direcci\u00f3n de Partidos Pol\u00edticos, Prerrogativas y Candidatos Independientes y el personal adscrito a esta, por el trabajo a marchas forzadas que han realizado en la \u00faltima semana para consolidar el acuerdo IEEPCO-CG-49\/202 aprobado.<\/p>\n","protected":false},"excerpt":{"rendered":"<p>Redacci\u00f3n\/Zona Roja. Oaxaca de Ju\u00e1rez, Oax., 9 de marzo de 2022.- El Consejo General del&hellip;<\/p>\n","protected":false},"author":2,"featured_media":19763,"comment_status":"closed","ping_status":"open","sticky":false,"template":"","format":"standard","meta":{"_lmt_disableupdate":"","_lmt_disable":"","_jetpack_memberships_contains_paid_content":false,"footnotes":""},"categories":[109,47],"tags":[2932],"class_list":["post-38544","post","type-post","status-publish","format-standard","has-post-thumbnail","hentry","category-minuto-a-minuto","category-zona-gris","tag-instituto-estatal-electoral-y-de-participacion-ciudadana-de-oaxaca-ieepco"],"jetpack_featured_media_url":"https:\/\/zonaroja.com.mx\/wp-content\/uploads\/2020\/11\/IEEPCO-Instituto-Estatal-Electoral.jpg","jetpack_sharing_enabled":true,"_links":{"self":[{"href":"https:\/\/zonaroja.com.mx\/index.php?rest_route=\/wp\/v2\/posts\/38544","targetHints":{"allow":["GET"]}}],"collection":[{"href":"https:\/\/zonaroja.com.mx\/index.php?rest_route=\/wp\/v2\/posts"}],"about":[{"href":"https:\/\/zonaroja.com.mx\/index.php?rest_route=\/wp\/v2\/types\/post"}],"author":[{"embeddable":true,"href":"https:\/\/zonaroja.com.mx\/index.php?rest_route=\/wp\/v2\/users\/2"}],"replies":[{"embeddable":true,"href":"https:\/\/zonaroja.com.mx\/index.php?rest_route=%2Fwp%2Fv2%2Fcomments&post=38544"}],"version-history":[{"count":1,"href":"https:\/\/zonaroja.com.mx\/index.php?rest_route=\/wp\/v2\/posts\/38544\/revisions"}],"predecessor-version":[{"id":38545,"href":"https:\/\/zonaroja.com.mx\/index.php?rest_route=\/wp\/v2\/posts\/38544\/revisions\/38545"}],"wp:featuredmedia":[{"embeddable":true,"href":"https:\/\/zonaroja.com.mx\/index.php?rest_route=\/wp\/v2\/media\/19763"}],"wp:attachment":[{"href":"https:\/\/zonaroja.com.mx\/index.php?rest_route=%2Fwp%2Fv2%2Fmedia&parent=38544"}],"wp:term":[{"taxonomy":"category","embeddable":true,"href":"https:\/\/zonaroja.com.mx\/index.php?rest_route=%2Fwp%2Fv2%2Fcategories&post=38544"},{"taxonomy":"post_tag","embeddable":true,"href":"https:\/\/zonaroja.com.mx\/index.php?rest_route=%2Fwp%2Fv2%2Ftags&post=38544"}],"curies":[{"name":"wp","href":"https:\/\/api.w.org\/{rel}","templated":true}]}}