{"id":3856,"date":"2019-09-11T07:37:14","date_gmt":"2019-09-11T12:37:14","guid":{"rendered":"http:\/\/www.zonaroja.com.mx\/?p=3856"},"modified":"2019-09-11T07:38:05","modified_gmt":"2019-09-11T12:38:05","slug":"hallan-fosa-clandestina-en-la-canada-con-dos-cuerpos-habian-sido-reportados-como","status":"publish","type":"post","link":"https:\/\/zonaroja.com.mx\/?p=3856","title":{"rendered":"Hallan fosa clandestina en la Ca\u00f1ada con dos cuerpos; desaparecieron la semana pasada"},"content":{"rendered":"\n<p>Redacci\u00f3n\/Zona\nRoja.<\/p>\n\n\n\n<p>Oaxaca de\nJu\u00e1rez, Oax., 11 de septiembre de 2019.- Una fosa clandestina con al menos dos\ncuerpos fue hallada en inmediaciones de San Bartolom\u00e9 Ayautla, en la regi\u00f3n\nCa\u00f1ada de Oaxaca. <\/p>\n\n\n\n<p>Los\nhomicidios ocurrieron la semana pasada pese a los operativos que supuestamente\nrealizan la Secretar\u00eda de Seguridad P\u00fablica estatal y la Guardia Nacional, as\u00ed\ncomo elementos de la Agencia Estatal de Investigaciones (AEI).<\/p>\n\n\n\n<p>Las v\u00edctimas\nhab\u00edan sido reportadas como desaparecidas desde el 3 de septiembre y al d\u00eda\nsiguiente \u00fanicamente fue hallada la camioneta Nissan NP 300, modelo 2018, color\nblanco placas SM-57-533 del estado de Puebla.<\/p>\n\n\n\n<p>De acuerdo\ncon informes de la Polic\u00eda Estatal y reportes del s\u00edndico de Ayautla, en el\nparaje \u201cAgua Jarana\u201d de la congregaci\u00f3n de San Mart\u00ecn Piedra Ancha, fue\nlocalizada la fosa clandestina; en ese mismo lugar fue hallada la camioneta el\nd\u00eca 4 de septiembre y puesta a disposici\u00f3n de la Vicefiscal\u00eda Regional de la Cuenca.<\/p>\n\n\n\n<p>De acuerdo\ncon la denuncia de la se\u00f1ora Ang\u00e9lica L\u00f3pez, desde el 3 de septiembre del a\u00f1o\nen curso,&nbsp; no localizaba a sus familiares\nde nombres Jos\u00e9 Alfredo Calder\u00f3n y Erick Ram\u00edrez Ram\u00edrez, mismos que salieron\nde Tehuac\u00e1n, Puebla, con destino a Jalapa de D\u00edaz, trasportando&nbsp; ganado porcino, a bordo de la camioneta <\/p>\n\n\n\n<p>Personal de\nla Polic\u00eda Estatal y de la Guardia Nacional arrib\u00f3 al lugar del hallazgo\n\u00fanicamente para resguardar la zona, en tanto la Vicefiscal\u00eda inici\u00f3 las indagatorias\ncorrespondientes.<\/p>\n","protected":false},"excerpt":{"rendered":"<p>Redacci\u00f3n\/Zona Roja. Oaxaca de Ju\u00e1rez, Oax., 11 de septiembre de 2019.- Una fosa clandestina con&hellip;<\/p>\n","protected":false},"author":2,"featured_media":3411,"comment_status":"closed","ping_status":"open","sticky":false,"template":"","format":"standard","meta":{"_lmt_disableupdate":"","_lmt_disable":"","_jetpack_memberships_contains_paid_content":false,"footnotes":""},"categories":[109,51],"tags":[],"class_list":["post-3856","post","type-post","status-publish","format-standard","has-post-thumbnail","hentry","category-minuto-a-minuto","category-zona-roja"],"jetpack_featured_media_url":"https:\/\/zonaroja.com.mx\/wp-content\/uploads\/2019\/08\/Asesinatos-2.jpg","jetpack_sharing_enabled":true,"_links":{"self":[{"href":"https:\/\/zonaroja.com.mx\/index.php?rest_route=\/wp\/v2\/posts\/3856","targetHints":{"allow":["GET"]}}],"collection":[{"href":"https:\/\/zonaroja.com.mx\/index.php?rest_route=\/wp\/v2\/posts"}],"about":[{"href":"https:\/\/zonaroja.com.mx\/index.php?rest_route=\/wp\/v2\/types\/post"}],"author":[{"embeddable":true,"href":"https:\/\/zonaroja.com.mx\/index.php?rest_route=\/wp\/v2\/users\/2"}],"replies":[{"embeddable":true,"href":"https:\/\/zonaroja.com.mx\/index.php?rest_route=%2Fwp%2Fv2%2Fcomments&post=3856"}],"version-history":[{"count":2,"href":"https:\/\/zonaroja.com.mx\/index.php?rest_route=\/wp\/v2\/posts\/3856\/revisions"}],"predecessor-version":[{"id":3858,"href":"https:\/\/zonaroja.com.mx\/index.php?rest_route=\/wp\/v2\/posts\/3856\/revisions\/3858"}],"wp:featuredmedia":[{"embeddable":true,"href":"https:\/\/zonaroja.com.mx\/index.php?rest_route=\/wp\/v2\/media\/3411"}],"wp:attachment":[{"href":"https:\/\/zonaroja.com.mx\/index.php?rest_route=%2Fwp%2Fv2%2Fmedia&parent=3856"}],"wp:term":[{"taxonomy":"category","embeddable":true,"href":"https:\/\/zonaroja.com.mx\/index.php?rest_route=%2Fwp%2Fv2%2Fcategories&post=3856"},{"taxonomy":"post_tag","embeddable":true,"href":"https:\/\/zonaroja.com.mx\/index.php?rest_route=%2Fwp%2Fv2%2Ftags&post=3856"}],"curies":[{"name":"wp","href":"https:\/\/api.w.org\/{rel}","templated":true}]}}