{"id":38560,"date":"2022-03-09T19:03:13","date_gmt":"2022-03-10T01:03:13","guid":{"rendered":"https:\/\/www.zonaroja.com.mx\/?p=38560"},"modified":"2022-03-09T19:04:49","modified_gmt":"2022-03-10T01:04:49","slug":"confirma-el-tepjf-violencia-de-genero-de-salome-martinez-va-al-registro-de-violentadores","status":"publish","type":"post","link":"https:\/\/zonaroja.com.mx\/?p=38560","title":{"rendered":"Confirma el TEPJF violencia de g\u00e9nero de Salom\u00e9 Mart\u00ednez; va al registro de violentadores"},"content":{"rendered":"\n<p>Yuridiana Sosa\/Zona Roja.<\/p>\n\n\n\n<p>Oaxaca de Ju\u00e1rez, Oax., 9 de marzo de 2022.- El Tribunal Electoral del Poder Judicial de la Federaci\u00f3n (TEPJF) confirm\u00f3 la sentencia emitida por el Tribunal Estatal Electoral de Oaxaca (TEEO) sobre la violencia pol\u00edtica por raz\u00f3n de g\u00e9nero que cometi\u00f3 Salom\u00e9 Mart\u00ednez, cuando fung\u00eda como presidenta del partido Fuerza por M\u00e9xico en Oaxaca.<\/p>\n\n\n\n<p>La Sala Regional Xalapa aval\u00f3 la resoluci\u00f3n previa del \u00f3rgano estatal, que bajo el expediente PES\/86\/2021, declar\u00f3 la existencia de esta violencia contra una integrante del Comit\u00e9 Directivo Estatal de Fuerza por M\u00e9xico en Oaxaca, en este caso en perjuicio de Yvette Sonia Castellanos Ruiz.<\/p>\n\n\n\n<p>En la actual resoluci\u00f3n, SX-JDC-52\/ 2022, el Tribunal federal record\u00f3 que a Salom\u00e9 Mart\u00ednez se le impusieron varias acciones, entre otras una amonestaci\u00f3n p\u00fablica, as\u00ed como su inscripci\u00f3n en el registro de personas sancionadas por violencia pol\u00edtica por raz\u00f3n de g\u00e9nero por un periodo de cuatro a\u00f1os.&nbsp;<\/p>\n\n\n\n<p>\u201cEl TEEO era la autoridad competente para resolver la controversia que le fue planteada, puesto que la violencia pol\u00edtica no es exclusiva de los cargos electos popularmente, sino tambi\u00e9n de aquellos relacionados a la filiaci\u00f3n a un partido pol\u00edtico\u201d, expres\u00f3 el \u00f3rgano federal.<\/p>\n\n\n\n<p>En el mes de octubre pasado TEEO emiti\u00f3 la primera resoluci\u00f3n en la que aval\u00f3 la violencia pol\u00edtica contra Sonia Castellanos, secretaria de Organizaci\u00f3n, de parte de Salom\u00e9 Mart\u00ednez y por la que impuso una \u201camonestaci\u00f3n p\u00fablica\u201d a la presidenta estatal del Partido Fuerza por M\u00e9xico.<\/p>\n","protected":false},"excerpt":{"rendered":"<p>Yuridiana Sosa\/Zona Roja. Oaxaca de Ju\u00e1rez, Oax., 9 de marzo de 2022.- El Tribunal Electoral&hellip;<\/p>\n","protected":false},"author":2,"featured_media":33441,"comment_status":"closed","ping_status":"open","sticky":false,"template":"","format":"standard","meta":{"_lmt_disableupdate":"","_lmt_disable":"","_jetpack_memberships_contains_paid_content":false,"footnotes":""},"categories":[109,47],"tags":[],"class_list":["post-38560","post","type-post","status-publish","format-standard","has-post-thumbnail","hentry","category-minuto-a-minuto","category-zona-gris"],"jetpack_featured_media_url":"https:\/\/zonaroja.com.mx\/wp-content\/uploads\/2021\/10\/Salome-Martinez-Salazar-1.jpg","jetpack_sharing_enabled":true,"_links":{"self":[{"href":"https:\/\/zonaroja.com.mx\/index.php?rest_route=\/wp\/v2\/posts\/38560","targetHints":{"allow":["GET"]}}],"collection":[{"href":"https:\/\/zonaroja.com.mx\/index.php?rest_route=\/wp\/v2\/posts"}],"about":[{"href":"https:\/\/zonaroja.com.mx\/index.php?rest_route=\/wp\/v2\/types\/post"}],"author":[{"embeddable":true,"href":"https:\/\/zonaroja.com.mx\/index.php?rest_route=\/wp\/v2\/users\/2"}],"replies":[{"embeddable":true,"href":"https:\/\/zonaroja.com.mx\/index.php?rest_route=%2Fwp%2Fv2%2Fcomments&post=38560"}],"version-history":[{"count":1,"href":"https:\/\/zonaroja.com.mx\/index.php?rest_route=\/wp\/v2\/posts\/38560\/revisions"}],"predecessor-version":[{"id":38561,"href":"https:\/\/zonaroja.com.mx\/index.php?rest_route=\/wp\/v2\/posts\/38560\/revisions\/38561"}],"wp:featuredmedia":[{"embeddable":true,"href":"https:\/\/zonaroja.com.mx\/index.php?rest_route=\/wp\/v2\/media\/33441"}],"wp:attachment":[{"href":"https:\/\/zonaroja.com.mx\/index.php?rest_route=%2Fwp%2Fv2%2Fmedia&parent=38560"}],"wp:term":[{"taxonomy":"category","embeddable":true,"href":"https:\/\/zonaroja.com.mx\/index.php?rest_route=%2Fwp%2Fv2%2Fcategories&post=38560"},{"taxonomy":"post_tag","embeddable":true,"href":"https:\/\/zonaroja.com.mx\/index.php?rest_route=%2Fwp%2Fv2%2Ftags&post=38560"}],"curies":[{"name":"wp","href":"https:\/\/api.w.org\/{rel}","templated":true}]}}