{"id":38562,"date":"2022-03-09T20:13:28","date_gmt":"2022-03-10T02:13:28","guid":{"rendered":"http:\/\/www.zonaroja.com.mx\/?p=38562"},"modified":"2022-03-09T20:13:30","modified_gmt":"2022-03-10T02:13:30","slug":"piden-diputados-a-gobernador-atencion-a-demandas-para-poner-fin-a-bloqueos","status":"publish","type":"post","link":"https:\/\/zonaroja.com.mx\/?p=38562","title":{"rendered":"Piden diputados a gobernador atenci\u00f3n a demandas para poner fin a bloqueos"},"content":{"rendered":"\n<p>Yuridiana Sosa\/Zona Roja.<\/p>\n\n\n\n<p>Oaxaca de Ju\u00e1rez, Oax., 9 de marzo de 2022.- Luego de asfixiantes d\u00edas de bloqueos en la zona conurbada y la capital, en los que tambi\u00e9n se han registrado actos violentos en exigencia de demandas sociales, el Congreso de Oaxaca aprob\u00f3 un exhorto para que el gobernador Alejandro Murat ponga un alto a estas manifestaciones.<\/p>\n\n\n\n<p>En sesi\u00f3n ordinaria del pleno de la 65 Legislatura de este mi\u00e9rcoles, la fracci\u00f3n parlamentaria de Morena propuso emitir el llamado para que el jefe del Ejecutivo en Oaxaca ordene a su gabinete la atenci\u00f3n inmediata a los diversos grupos de manifestantes que han causado afectaciones irreparables a la poblaci\u00f3n.<\/p>\n\n\n\n<p>Con 25 votos a favor, el punto de acuerdo fue avalado, mientras que la fracci\u00f3n del Partido Revolucionario Institucional (PRI) rechaz\u00f3 las cr\u00edticas que Morena lanz\u00f3 contra la Secretar\u00eda General de Gobierno (Segego) sobre su incapacidad para resolver las demandas de forma institucional antes de estallar la inconformidad en las calles.<\/p>\n\n\n\n<figure class=\"wp-block-embed is-type-rich is-provider-twitter wp-block-embed-twitter\"><div class=\"wp-block-embed__wrapper\">\n<div class=\"twitter-tweet\"><blockquote class=\"twitter-tweet\" data-lang=\"es\"><p lang=\"es\" dir=\"ltr\"><a href=\"https:\/\/twitter.com\/hashtag\/%C3%9AltimoMinuto?src=hash&amp;ref_src=twsrc%5Etfw\">#\u00daltimoMinuto<\/a> <br>A propuesta del Partido Morena, le\u00edda por <a href=\"https:\/\/twitter.com\/cesarmateos_oax?ref_src=twsrc%5Etfw\">@cesarmateos_oax<\/a>, el <a href=\"https:\/\/twitter.com\/CongresoOaxaca_?ref_src=twsrc%5Etfw\">@CongresoOaxaca_<\/a> aprob\u00f3 con 25 votos un Punto de Acuerdo para exhortar al gobernador <a href=\"https:\/\/twitter.com\/alejandromurat?ref_src=twsrc%5Etfw\">@alejandromurat<\/a>  exija a sus funcionarios atender demandas sociales para evitar protestas y bloqueos. <a href=\"https:\/\/t.co\/EMsF9BOO8t\">pic.twitter.com\/EMsF9BOO8t<\/a><\/p>&mdash; Zona Roja Oaxaca (@ZonaRoja_Oaxaca) <a href=\"https:\/\/twitter.com\/ZonaRoja_Oaxaca\/status\/1501671739276906501?ref_src=twsrc%5Etfw\">9 de marzo de 2022<\/a><\/blockquote><\/div>\n<\/div><\/figure>\n\n\n\n<p>\u201cEs claro que para que la inconformidad llegue a las calles se requiri\u00f3 de la indolencia y omisi\u00f3n de distintas autoridades. Los problemas debieron resolverse antes de que estallaran\u201d, se\u00f1al\u00f3 el diputado C\u00e9sar Mateos, quien ley\u00f3 el Punto de Acuerdo.<\/p>\n\n\n\n<p>El legislador record\u00f3 la serie de bloqueos y los grupos que han protestado a trav\u00e9s de bloqueos desde hace varios d\u00edas, pero que de forma particular esta semana uno de estos caus\u00f3 graves da\u00f1os contra los mismos ciudadanos.<\/p>\n\n\n\n<p>\u201cOaxaca no puede vivir todo el tiempo bajo bloques, esto no puede convertirse en nuestra situaci\u00f3n normal\u201d, expres\u00f3.<\/p>\n\n\n\n<p>Para evitar esta situaci\u00f3n, record\u00f3 que el gobierno de Oaxaca tiene una dependencia con la obligaci\u00f3n de conciliar acuerdos, llegar a soluci\u00f3n de conflictos y mantener la relaci\u00f3n arm\u00f3nica entre los habitantes, por lo que los bloqueos de esta semana son muestra clara de la incapacidad de la secretar\u00eda (Segego) para resolver las demandas de los ciudadanos y de la incapacidad para resolver acuerdos por la v\u00eda institucional.<\/p>\n","protected":false},"excerpt":{"rendered":"<p>Yuridiana Sosa\/Zona Roja. Oaxaca de Ju\u00e1rez, Oax., 9 de marzo de 2022.- Luego de asfixiantes&hellip;<\/p>\n","protected":false},"author":2,"featured_media":38563,"comment_status":"closed","ping_status":"open","sticky":false,"template":"","format":"standard","meta":{"_lmt_disableupdate":"","_lmt_disable":"","_jetpack_memberships_contains_paid_content":false,"footnotes":""},"categories":[109,46],"tags":[2743],"class_list":["post-38562","post","type-post","status-publish","format-standard","has-post-thumbnail","hentry","category-minuto-a-minuto","category-zona-blanca","tag-65-legislatura-del-estado-de-oaxaca"],"jetpack_featured_media_url":"https:\/\/zonaroja.com.mx\/wp-content\/uploads\/2022\/03\/Sesion-Congreso-9-marzo.jpg","jetpack_sharing_enabled":true,"_links":{"self":[{"href":"https:\/\/zonaroja.com.mx\/index.php?rest_route=\/wp\/v2\/posts\/38562","targetHints":{"allow":["GET"]}}],"collection":[{"href":"https:\/\/zonaroja.com.mx\/index.php?rest_route=\/wp\/v2\/posts"}],"about":[{"href":"https:\/\/zonaroja.com.mx\/index.php?rest_route=\/wp\/v2\/types\/post"}],"author":[{"embeddable":true,"href":"https:\/\/zonaroja.com.mx\/index.php?rest_route=\/wp\/v2\/users\/2"}],"replies":[{"embeddable":true,"href":"https:\/\/zonaroja.com.mx\/index.php?rest_route=%2Fwp%2Fv2%2Fcomments&post=38562"}],"version-history":[{"count":1,"href":"https:\/\/zonaroja.com.mx\/index.php?rest_route=\/wp\/v2\/posts\/38562\/revisions"}],"predecessor-version":[{"id":38564,"href":"https:\/\/zonaroja.com.mx\/index.php?rest_route=\/wp\/v2\/posts\/38562\/revisions\/38564"}],"wp:featuredmedia":[{"embeddable":true,"href":"https:\/\/zonaroja.com.mx\/index.php?rest_route=\/wp\/v2\/media\/38563"}],"wp:attachment":[{"href":"https:\/\/zonaroja.com.mx\/index.php?rest_route=%2Fwp%2Fv2%2Fmedia&parent=38562"}],"wp:term":[{"taxonomy":"category","embeddable":true,"href":"https:\/\/zonaroja.com.mx\/index.php?rest_route=%2Fwp%2Fv2%2Fcategories&post=38562"},{"taxonomy":"post_tag","embeddable":true,"href":"https:\/\/zonaroja.com.mx\/index.php?rest_route=%2Fwp%2Fv2%2Ftags&post=38562"}],"curies":[{"name":"wp","href":"https:\/\/api.w.org\/{rel}","templated":true}]}}