{"id":38568,"date":"2022-03-09T22:33:34","date_gmt":"2022-03-10T04:33:34","guid":{"rendered":"http:\/\/www.zonaroja.com.mx\/?p=38568"},"modified":"2022-03-09T22:33:36","modified_gmt":"2022-03-10T04:33:36","slug":"covid-mortal-este-miercoles-27-fallecidos-a-causa-del-virus","status":"publish","type":"post","link":"https:\/\/zonaroja.com.mx\/?p=38568","title":{"rendered":"Covid mortal este mi\u00e9rcoles: 27 fallecidos a causa del virus"},"content":{"rendered":"\n<p>Redacci\u00f3n\/Zona Roja.<\/p>\n\n\n\n<p>Oaxaca de Ju\u00e1rez, Oax. 9 de marzo de 2022.-Los Servicios de Salud de Oaxaca (SSO) enfatizaron que la pandemia por Covid-19 sigue activa con un total de 710 personas que presentaron s\u00edntomas en los \u00faltimos 14 d\u00edas, por ello, destacaron la importancia de respetar las medidas sanitarias contra la enfermedad.<\/p>\n\n\n\n<p>En esta jornada se reportaron 243 casos nuevos, que suman 118 mil 239 positivos acumulados, la cifra de decesos ascendi\u00f3 a seis mil 083, sin embargo, la dependencia precis\u00f3 que los 27 fallecimientos notificados este 9 de marzo, no corresponden necesariamente a las \u00faltimas 24 horas, pues 22 de las muertes sucedieron meses atr\u00e1s y se integraron este d\u00eda, ya que estaban bajo la clasificaci\u00f3n de sospechosas y pasaron a confirmadas en la actualizaci\u00f3n de la plataforma, por lo que no forman parte del comportamiento epid\u00e9mico reciente.<\/p>\n\n\n\n<p>Dentro del panorama Jurisdiccional, Valles Centrales alcanz\u00f3 los 72 mil 189 casos confirmados y dos mil 659 defunciones; Istmo 16 mil 473 casos y mil 338 decesos; Tuxtepec 8 mil 821 casos y 607 fallecimientos; Costa 8 mil 219 casos y 505 muertes; Mixteca 8 mil 721 casos y 630 defunciones; Sierra tres mil 816 casos y 344 p\u00e9rdida de vidas.<\/p>\n\n\n\n<p>En tanto, los casos activos se distribuyen de la siguiente manera: Valles Centrales con 380 contagios, Istmo con 178, Tuxtepec con 73, Costa con 45, Mixteca con 18 y Sierra 16.<\/p>\n\n\n\n<p>La red m\u00e9dica en Oaxaca para COVID-19 report\u00f3 78.6% de disponibilidad hospitalaria, con ocho Unidades M\u00e9dicas al 100% de su capacidad. De las 397 camas destinadas para la atenci\u00f3n a la pandemia hay 312 disponibles.<\/p>\n\n\n\n<p>La instituci\u00f3n inst\u00f3 a la poblaci\u00f3n actuar responsablemente y evitar reuniones multitudinarias en lugares poco ventilados, adem\u00e1s reiter\u00f3 que es necesario mantener los protocolos b\u00e1sicos de prevenci\u00f3n: sana distancia, lavado frecuente de manos con agua y jab\u00f3n o aplicaci\u00f3n de alcohol-gel, as\u00ed como uso correcto de cubrebocas y acudir a los puestos de vacunaci\u00f3n para completar el esquema de dosis y refuerzo, a fin de disminuir la cadena de contagios.<\/p>\n\n\n\n<p>(Comunicado)<\/p>\n","protected":false},"excerpt":{"rendered":"<p>Redacci\u00f3n\/Zona Roja. Oaxaca de Ju\u00e1rez, Oax. 9 de marzo de 2022.-Los Servicios de Salud de&hellip;<\/p>\n","protected":false},"author":2,"featured_media":38569,"comment_status":"closed","ping_status":"open","sticky":false,"template":"","format":"standard","meta":{"_lmt_disableupdate":"","_lmt_disable":"","_jetpack_memberships_contains_paid_content":false,"footnotes":""},"categories":[109,47],"tags":[1512],"class_list":["post-38568","post","type-post","status-publish","format-standard","has-post-thumbnail","hentry","category-minuto-a-minuto","category-zona-gris","tag-coronavirus-oaxaca"],"jetpack_featured_media_url":"https:\/\/zonaroja.com.mx\/wp-content\/uploads\/2022\/03\/Covid-9-marzo.jpg","jetpack_sharing_enabled":true,"_links":{"self":[{"href":"https:\/\/zonaroja.com.mx\/index.php?rest_route=\/wp\/v2\/posts\/38568","targetHints":{"allow":["GET"]}}],"collection":[{"href":"https:\/\/zonaroja.com.mx\/index.php?rest_route=\/wp\/v2\/posts"}],"about":[{"href":"https:\/\/zonaroja.com.mx\/index.php?rest_route=\/wp\/v2\/types\/post"}],"author":[{"embeddable":true,"href":"https:\/\/zonaroja.com.mx\/index.php?rest_route=\/wp\/v2\/users\/2"}],"replies":[{"embeddable":true,"href":"https:\/\/zonaroja.com.mx\/index.php?rest_route=%2Fwp%2Fv2%2Fcomments&post=38568"}],"version-history":[{"count":1,"href":"https:\/\/zonaroja.com.mx\/index.php?rest_route=\/wp\/v2\/posts\/38568\/revisions"}],"predecessor-version":[{"id":38570,"href":"https:\/\/zonaroja.com.mx\/index.php?rest_route=\/wp\/v2\/posts\/38568\/revisions\/38570"}],"wp:featuredmedia":[{"embeddable":true,"href":"https:\/\/zonaroja.com.mx\/index.php?rest_route=\/wp\/v2\/media\/38569"}],"wp:attachment":[{"href":"https:\/\/zonaroja.com.mx\/index.php?rest_route=%2Fwp%2Fv2%2Fmedia&parent=38568"}],"wp:term":[{"taxonomy":"category","embeddable":true,"href":"https:\/\/zonaroja.com.mx\/index.php?rest_route=%2Fwp%2Fv2%2Fcategories&post=38568"},{"taxonomy":"post_tag","embeddable":true,"href":"https:\/\/zonaroja.com.mx\/index.php?rest_route=%2Fwp%2Fv2%2Ftags&post=38568"}],"curies":[{"name":"wp","href":"https:\/\/api.w.org\/{rel}","templated":true}]}}