{"id":38571,"date":"2022-03-09T22:37:19","date_gmt":"2022-03-10T04:37:19","guid":{"rendered":"http:\/\/www.zonaroja.com.mx\/?p=38571"},"modified":"2022-03-09T22:37:21","modified_gmt":"2022-03-10T04:37:21","slug":"imparte-activista-olimpia-coral-conferencia-a-jovenes-del-cobao","status":"publish","type":"post","link":"https:\/\/zonaroja.com.mx\/?p=38571","title":{"rendered":"Imparte activista Olimpia Coral conferencia a j\u00f3venes del Cobao"},"content":{"rendered":"\n<p>Redacci\u00f3n\/Zona Roja.<\/p>\n\n\n\n<p>Oaxaca de Ju\u00e1rez, Oax. 9 de marzo de 2022.- En el marco del D\u00eda Internacional de la Mujer, el Colegio de Bachilleres del Estado de Oaxaca (Cobao), realiz\u00f3 la conferencia \u201cPrevenir, Identificar y Actuar Ante la Violencia Digital\u201d, la cual fue impartida por la activista mexicana Olimpia Coral Melo.<\/p>\n\n\n\n<p>Dicha conferencia fue transmitida por Facebook Live, logrando que participaran las y los estudiantes de los 68 planteles y 13 Centros de Educaci\u00f3n Abierta de la instituci\u00f3n, as\u00ed como el personal docente, administrativo y directivo a fin de promover espacios seguros, adem\u00e1s de identificar y prevenir la violencia digital.<\/p>\n\n\n\n<p>\u201cLa Ley Olimpia no es solo un conjunto de reformas, tambi\u00e9n es una causa de educaci\u00f3n digital, es un causa de prevenci\u00f3n del uso de las tecnolog\u00edas de la informaci\u00f3n y la comunicaci\u00f3n. Es solo la punta del iceberg de un mont\u00f3n de cosas que se tienen que hacer para aspirar a que alg\u00fan d\u00eda podamos estar seguras en internet\u201d, asegur\u00f3 la activista.<\/p>\n\n\n\n<figure class=\"wp-block-embed is-type-rich is-provider-twitter wp-block-embed-twitter\"><div class=\"wp-block-embed__wrapper\">\n<div class=\"twitter-tweet\"><blockquote class=\"twitter-tweet\" data-lang=\"es\"><p lang=\"es\" dir=\"ltr\">3. En la conferencia de <a href=\"https:\/\/twitter.com\/OlimpiaCMujer?ref_src=twsrc%5Etfw\">@OlimpiaCMujer<\/a>, organizada por el <a href=\"https:\/\/twitter.com\/COBAO_GobOax?ref_src=twsrc%5Etfw\">@COBAO_GobOax<\/a>, particip\u00f3 la presidenta de la Mesa Directiva del <a href=\"https:\/\/twitter.com\/CongresoOaxaca_?ref_src=twsrc%5Etfw\">@CongresoOaxaca_<\/a>, <a href=\"https:\/\/twitter.com\/marianabenitezt?ref_src=twsrc%5Etfw\">@marianabenitezt<\/a>.<br>Aqu\u00ed parte de su mensaje a los j\u00f3venes: <a href=\"https:\/\/t.co\/B9qzwMd6fY\">pic.twitter.com\/B9qzwMd6fY<\/a><\/p>&mdash; Zona Roja Oaxaca (@ZonaRoja_Oaxaca) <a href=\"https:\/\/twitter.com\/ZonaRoja_Oaxaca\/status\/1501601384436846606?ref_src=twsrc%5Etfw\">9 de marzo de 2022<\/a><\/blockquote><\/div>\n<\/div><\/figure>\n\n\n\n<p>Durante la conferencia de m\u00e1s de hora y media, Olimpia Coral Melo comparti\u00f3 su historia de vida y brind\u00f3 las herramientas necesarias a la comunidad estudiantil para prevenir, identificar y actuar ante un caso de violencia digital.<\/p>\n\n\n\n<p>\u201cHay que convocar a crear espacios escolares libres de violencias para todas y todos, haciendo conciencia que no es lo mismo cuando una mujer o una ni\u00f1a atraviesan violencia a cuando la atraviesa un hombre. Si con esta conferencia, al menos logr\u00e9 que cambiaran el chip y que reflexionaran al respecto, vali\u00f3 la pena, incluso que a m\u00ed me haya pasado lo que me paso\u201d, finaliz\u00f3 la activista mexicana.<\/p>\n\n\n\n<p>Durante la conferencia estuvieron presentes, la presidenta del Grupo de Estudios Sobre la Mujer Rosario Castellanos, Ang\u00e9lica Ayala Ortiz, las diputadas Mariana Ben\u00edtez Tiburcio y Lizbeth Concha Ojeda, la titular de la Secretar\u00eda de las Mujeres de Oaxaca, Ana V\u00e1squez Colmenares, as\u00ed como el Director General del Cobao, Rodrigo Gonz\u00e1lez Illescas.<\/p>\n","protected":false},"excerpt":{"rendered":"<p>Redacci\u00f3n\/Zona Roja. Oaxaca de Ju\u00e1rez, Oax. 9 de marzo de 2022.- En el marco del&hellip;<\/p>\n","protected":false},"author":2,"featured_media":38572,"comment_status":"closed","ping_status":"open","sticky":false,"template":"","format":"standard","meta":{"_lmt_disableupdate":"","_lmt_disable":"","_jetpack_memberships_contains_paid_content":false,"footnotes":""},"categories":[109,46],"tags":[2883],"class_list":["post-38571","post","type-post","status-publish","format-standard","has-post-thumbnail","hentry","category-minuto-a-minuto","category-zona-blanca","tag-colegio-de-bachilleres-de-oaxaca-cobao"],"jetpack_featured_media_url":"https:\/\/zonaroja.com.mx\/wp-content\/uploads\/2022\/03\/Olimpia-Coral-Cobao.jpg","jetpack_sharing_enabled":true,"_links":{"self":[{"href":"https:\/\/zonaroja.com.mx\/index.php?rest_route=\/wp\/v2\/posts\/38571","targetHints":{"allow":["GET"]}}],"collection":[{"href":"https:\/\/zonaroja.com.mx\/index.php?rest_route=\/wp\/v2\/posts"}],"about":[{"href":"https:\/\/zonaroja.com.mx\/index.php?rest_route=\/wp\/v2\/types\/post"}],"author":[{"embeddable":true,"href":"https:\/\/zonaroja.com.mx\/index.php?rest_route=\/wp\/v2\/users\/2"}],"replies":[{"embeddable":true,"href":"https:\/\/zonaroja.com.mx\/index.php?rest_route=%2Fwp%2Fv2%2Fcomments&post=38571"}],"version-history":[{"count":1,"href":"https:\/\/zonaroja.com.mx\/index.php?rest_route=\/wp\/v2\/posts\/38571\/revisions"}],"predecessor-version":[{"id":38573,"href":"https:\/\/zonaroja.com.mx\/index.php?rest_route=\/wp\/v2\/posts\/38571\/revisions\/38573"}],"wp:featuredmedia":[{"embeddable":true,"href":"https:\/\/zonaroja.com.mx\/index.php?rest_route=\/wp\/v2\/media\/38572"}],"wp:attachment":[{"href":"https:\/\/zonaroja.com.mx\/index.php?rest_route=%2Fwp%2Fv2%2Fmedia&parent=38571"}],"wp:term":[{"taxonomy":"category","embeddable":true,"href":"https:\/\/zonaroja.com.mx\/index.php?rest_route=%2Fwp%2Fv2%2Fcategories&post=38571"},{"taxonomy":"post_tag","embeddable":true,"href":"https:\/\/zonaroja.com.mx\/index.php?rest_route=%2Fwp%2Fv2%2Ftags&post=38571"}],"curies":[{"name":"wp","href":"https:\/\/api.w.org\/{rel}","templated":true}]}}