{"id":38575,"date":"2022-03-10T07:32:20","date_gmt":"2022-03-10T13:32:20","guid":{"rendered":"http:\/\/www.zonaroja.com.mx\/?p=38575"},"modified":"2022-03-10T07:37:49","modified_gmt":"2022-03-10T13:37:49","slug":"sin-freno-violencia-contra-mujeres-en-oaxaca-matan-a-una-en-ixtepec","status":"publish","type":"post","link":"https:\/\/zonaroja.com.mx\/?p=38575","title":{"rendered":"Sin freno violencia contra mujeres en Oaxaca: matan a una en Ixtepec"},"content":{"rendered":"\n<p>Redacci\u00f3n\/Zona Roja.<\/p>\n\n\n\n<p>Oaxaca de Ju\u00e1rez, Oax., 10 de marzo de 2022.- La ola de violencia en contra de las mujeres crece y anoche, a escasas horas de haber conmemorado el D\u00eda Internacional de la Mujer, una femenina fue hallada muerta, con huellas de violencia.<\/p>\n\n\n\n<p>En un domicilio de la colonia Moderna de Ciudad Ixtepec, municipio de la regi\u00f3n del Istmo, fue hallado el cuerpo de la v\u00edctima, identificada de manera preliminar como Vilma A. Z., de 45 a\u00f1os de edad; presuntamente presentaba disparos de arma de fuego.<\/p>\n\n\n\n<p>Hasta el momento no hay informaci\u00f3n al respecto y la Fiscal\u00eda General del Estado de Oaxaca inici\u00f3 las investigaciones bajo los protocolos de feminicidio.<\/p>\n\n\n\n<p>UN EJECUTADO<\/p>\n\n\n\n<p>Por otra parte, la ma\u00f1ana de este jueves, una persona del sexo masculino fue ejecutada en Juchit\u00e1n de Zaragoza, pero los familiares levantaron de inmediato el cuerpo a bordo de un mototaxi.<\/p>\n\n\n\n<p>El crimen se cometi\u00f3 en la calle Constituci\u00f3n de la S\u00e9ptima Secci\u00f3n, presuntamente por parte de dos sujetos que agredieron a balazos a la v\u00edctima, a\u00fan no identificada.<\/p>\n\n\n\n<p>OTRO MUERTO<\/p>\n\n\n\n<p>Por otra parte, en San Agust\u00edn de las Juntas, municipio de la zona conurbada a la capital, fue hallado sin vida un individuo de edad avanzada, en estado de putrefacci\u00f3n.<\/p>\n\n\n\n<p>Fue en una vivienda ubicada en el paraje \u201cEl Tabl\u00f3n\u201d en que se hall\u00f3 el cad\u00e1ver de quien fue identificado de manera preliminar como F\u00e9lix F.<\/p>\n\n\n\n<p>CAMPA\u00d1A VIOLENTA<\/p>\n\n\n\n<p>Por otra parte, tambi\u00e9n anoche pero en Santa Cruz Xoxocotl\u00e1n y en el marco del inicio de las campa\u00f1as para la elecci\u00f3n extraordinaria de concejales, en la agencia de Esquipulas se registr\u00f3 una agresi\u00f3n, al parecer de perdigones con armas hechizas.<\/p>\n\n\n\n<p>Tres fueron las v\u00edctimas, presuntamente militantes del Partido Morena, quienes interpusieron su denuncia anoche en la Fiscal\u00eda General del Estado.<\/p>\n\n\n\n<figure class=\"wp-block-embed is-type-rich is-provider-twitter wp-block-embed-twitter\"><div class=\"wp-block-embed__wrapper\">\n<div class=\"twitter-tweet\"><blockquote class=\"twitter-tweet\" data-lang=\"es\"><p lang=\"es\" dir=\"ltr\"><a href=\"https:\/\/twitter.com\/hashtag\/%C3%9AltimoMinuto?src=hash&amp;ref_src=twsrc%5Etfw\">#\u00daltimoMinuto<\/a> <br>Reportan al menos tres personas lesionadas, en la agencia de Esquipulas, Santa Xoxocotl\u00e1n, Oaxaca; presuntamente los hechos sucedieron en el marco del inicio de la campa\u00f1a para la elecci\u00f3n extraordinaria de concejales. <a href=\"https:\/\/t.co\/EA5wZGQpdO\">pic.twitter.com\/EA5wZGQpdO<\/a><\/p>&mdash; Zona Roja Oaxaca (@ZonaRoja_Oaxaca) <a href=\"https:\/\/twitter.com\/ZonaRoja_Oaxaca\/status\/1501741473171218436?ref_src=twsrc%5Etfw\">10 de marzo de 2022<\/a><\/blockquote><\/div>\n<\/div><\/figure>\n","protected":false},"excerpt":{"rendered":"<p>Redacci\u00f3n\/Zona Roja. Oaxaca de Ju\u00e1rez, Oax., 10 de marzo de 2022.- La ola de violencia&hellip;<\/p>\n","protected":false},"author":2,"featured_media":38576,"comment_status":"closed","ping_status":"open","sticky":false,"template":"","format":"standard","meta":{"_lmt_disableupdate":"","_lmt_disable":"","_jetpack_memberships_contains_paid_content":false,"footnotes":""},"categories":[109,51],"tags":[703],"class_list":["post-38575","post","type-post","status-publish","format-standard","has-post-thumbnail","hentry","category-minuto-a-minuto","category-zona-roja","tag-ciudad-ixtepec"],"jetpack_featured_media_url":"https:\/\/zonaroja.com.mx\/wp-content\/uploads\/2022\/03\/Feminicidio-Ixtepec.jpg","jetpack_sharing_enabled":true,"_links":{"self":[{"href":"https:\/\/zonaroja.com.mx\/index.php?rest_route=\/wp\/v2\/posts\/38575","targetHints":{"allow":["GET"]}}],"collection":[{"href":"https:\/\/zonaroja.com.mx\/index.php?rest_route=\/wp\/v2\/posts"}],"about":[{"href":"https:\/\/zonaroja.com.mx\/index.php?rest_route=\/wp\/v2\/types\/post"}],"author":[{"embeddable":true,"href":"https:\/\/zonaroja.com.mx\/index.php?rest_route=\/wp\/v2\/users\/2"}],"replies":[{"embeddable":true,"href":"https:\/\/zonaroja.com.mx\/index.php?rest_route=%2Fwp%2Fv2%2Fcomments&post=38575"}],"version-history":[{"count":2,"href":"https:\/\/zonaroja.com.mx\/index.php?rest_route=\/wp\/v2\/posts\/38575\/revisions"}],"predecessor-version":[{"id":38579,"href":"https:\/\/zonaroja.com.mx\/index.php?rest_route=\/wp\/v2\/posts\/38575\/revisions\/38579"}],"wp:featuredmedia":[{"embeddable":true,"href":"https:\/\/zonaroja.com.mx\/index.php?rest_route=\/wp\/v2\/media\/38576"}],"wp:attachment":[{"href":"https:\/\/zonaroja.com.mx\/index.php?rest_route=%2Fwp%2Fv2%2Fmedia&parent=38575"}],"wp:term":[{"taxonomy":"category","embeddable":true,"href":"https:\/\/zonaroja.com.mx\/index.php?rest_route=%2Fwp%2Fv2%2Fcategories&post=38575"},{"taxonomy":"post_tag","embeddable":true,"href":"https:\/\/zonaroja.com.mx\/index.php?rest_route=%2Fwp%2Fv2%2Ftags&post=38575"}],"curies":[{"name":"wp","href":"https:\/\/api.w.org\/{rel}","templated":true}]}}