{"id":38585,"date":"2022-03-10T08:19:08","date_gmt":"2022-03-10T14:19:08","guid":{"rendered":"http:\/\/www.zonaroja.com.mx\/?p=38585"},"modified":"2022-03-10T08:19:11","modified_gmt":"2022-03-10T14:19:11","slug":"de-nada-sirven-leyes-a-favor-de-mujeres-si-no-hay-presupuestos-diputada","status":"publish","type":"post","link":"https:\/\/zonaroja.com.mx\/?p=38585","title":{"rendered":"De nada sirven leyes a favor de mujeres si no hay presupuestos: diputada"},"content":{"rendered":"\n<p>Redacci\u00f3n\/Zona Roja.<\/p>\n\n\n\n<p>Oaxaca de Ju\u00e1rez,&nbsp;Oax. 10 de marzo.- \u00abAlbergues, fiscal\u00edas, centros de ayuda, pol\u00edticas p\u00fablicas a favor de la igualdad, huecos, sin presupuestos. Y es ah\u00ed donde vienen los desencantos. Donde comienza la impaciencia de las mujeres\u201d.<\/p>\n\n\n\n<p>Este fue el reclamo ayer en tribuna por parte de la presidenta de la Mesa Directiva del Congreso del Estado,&nbsp;Mariana Ben\u00edtez Tiburcio, quien hizo un llamado a las y los integrantes de la 65 Legislatura de Oaxaca a destinar presupuestos con perspectiva de g\u00e9nero.<\/p>\n\n\n\n<p>En su intervenci\u00f3n ante el pleno de la C\u00e1mara de Diputados local, la legisladora puntualiz\u00f3 que los avances en la aprobaci\u00f3n de leyes y decretos de reformas, a la hora de implementarse, se quedan a medias a falta de la asignaci\u00f3n de recursos eficientes.<\/p>\n\n\n\n<p>Detall\u00f3 que la realidad actual de las mujeres persiste la violencia familiar, desigualdad salarial, impunidad, acoso escolar, acoso laboral, discriminaci\u00f3n, violencia sexual, pol\u00edtica, econ\u00f3mica, patrimonial y por supuesto, los feminicidios.<\/p>\n\n\n\n<figure class=\"wp-block-embed is-type-rich is-provider-twitter wp-block-embed-twitter\"><div class=\"wp-block-embed__wrapper\">\n<div class=\"twitter-tweet\"><blockquote class=\"twitter-tweet\" data-lang=\"es\"><p lang=\"es\" dir=\"ltr\"><a href=\"https:\/\/twitter.com\/hashtag\/%C3%9AltimoMinuto?src=hash&amp;ref_src=twsrc%5Etfw\">#\u00daltimoMinuto<\/a> <br>En tribuna y en el marco del <a href=\"https:\/\/twitter.com\/hashtag\/DiaInternacionalDeLaMujer?src=hash&amp;ref_src=twsrc%5Etfw\">#DiaInternacionalDeLaMujer<\/a>, la diputada presidenta de la Mesa Directiva del <a href=\"https:\/\/twitter.com\/CongresoOaxaca_?ref_src=twsrc%5Etfw\">@CongresoOaxaca_<\/a>, <a href=\"https:\/\/twitter.com\/marianabenitezt?ref_src=twsrc%5Etfw\">@marianabenitezt<\/a>, demand\u00f3 mayores presupuestos a programas para fortalecer las a acciones a favor de la mujer. <a href=\"https:\/\/t.co\/bKYLCkl563\">pic.twitter.com\/bKYLCkl563<\/a><\/p>&mdash; Zona Roja Oaxaca (@ZonaRoja_Oaxaca) <a href=\"https:\/\/twitter.com\/ZonaRoja_Oaxaca\/status\/1501654647559409671?ref_src=twsrc%5Etfw\">9 de marzo de 2022<\/a><\/blockquote><\/div>\n<\/div><\/figure>\n\n\n\n<p>Por ello, agreg\u00f3, la importancia de que la Legislatura de Oaxaca hable de los temas pendientes que en la entidad y el pa\u00eds se tienen con las mujeres.<\/p>\n\n\n\n<p>Ya que de 1953 a la fecha se ha recorrido un largo camino para alcanzar derechos plenos y participaci\u00f3n de las mujeres, pero a\u00fan faltan por &nbsp;garantizar, sobre todo, una vida libre de violencia y el avance es lento.<\/p>\n\n\n\n<p>La diputada local precis\u00f3 que a nivel federal hay dos iniciativas en la congeladora como la Ley de igualdad salarial y la reforma constitucional por la que se establece un Sistema Nacional de Cuidados, las cuales no avanzan a falta de inter\u00e9s de asignar recursos.<\/p>\n\n\n\n<p>Por eso, dijo, el Congreso de Oaxaca, constituido en su mayor\u00eda por mujeres, tiene que marcar la diferencia para legislar los pendientes en la agenda de los derechos de las mujeres sin olvidar que: derechos sin presupuesto, no existen.<\/p>\n\n\n\n<p>\u00abPido su compromiso para darle la vuelta a la historia, apost\u00e1ndole a la igualdad. Hoy, y todos los d\u00edas, defendamos firmemente los derechos de las mujeres, el empoderamiento de las mujeres y la igualdad de g\u00e9nero, por el desarrollo y felicidad de nuestro Oaxaca\u201d, expuso.<\/p>\n","protected":false},"excerpt":{"rendered":"<p>Redacci\u00f3n\/Zona Roja. Oaxaca de Ju\u00e1rez,&nbsp;Oax. 10 de marzo.- \u00abAlbergues, fiscal\u00edas, centros de ayuda, pol\u00edticas p\u00fablicas&hellip;<\/p>\n","protected":false},"author":2,"featured_media":38586,"comment_status":"closed","ping_status":"open","sticky":false,"template":"","format":"standard","meta":{"_lmt_disableupdate":"","_lmt_disable":"","_jetpack_memberships_contains_paid_content":false,"footnotes":""},"categories":[109,46],"tags":[2969],"class_list":["post-38585","post","type-post","status-publish","format-standard","has-post-thumbnail","hentry","category-minuto-a-minuto","category-zona-blanca","tag-mariana-benitez-tiburcio"],"jetpack_featured_media_url":"https:\/\/zonaroja.com.mx\/wp-content\/uploads\/2022\/03\/Mariana-Benitez-2.jpg","jetpack_sharing_enabled":true,"_links":{"self":[{"href":"https:\/\/zonaroja.com.mx\/index.php?rest_route=\/wp\/v2\/posts\/38585","targetHints":{"allow":["GET"]}}],"collection":[{"href":"https:\/\/zonaroja.com.mx\/index.php?rest_route=\/wp\/v2\/posts"}],"about":[{"href":"https:\/\/zonaroja.com.mx\/index.php?rest_route=\/wp\/v2\/types\/post"}],"author":[{"embeddable":true,"href":"https:\/\/zonaroja.com.mx\/index.php?rest_route=\/wp\/v2\/users\/2"}],"replies":[{"embeddable":true,"href":"https:\/\/zonaroja.com.mx\/index.php?rest_route=%2Fwp%2Fv2%2Fcomments&post=38585"}],"version-history":[{"count":1,"href":"https:\/\/zonaroja.com.mx\/index.php?rest_route=\/wp\/v2\/posts\/38585\/revisions"}],"predecessor-version":[{"id":38587,"href":"https:\/\/zonaroja.com.mx\/index.php?rest_route=\/wp\/v2\/posts\/38585\/revisions\/38587"}],"wp:featuredmedia":[{"embeddable":true,"href":"https:\/\/zonaroja.com.mx\/index.php?rest_route=\/wp\/v2\/media\/38586"}],"wp:attachment":[{"href":"https:\/\/zonaroja.com.mx\/index.php?rest_route=%2Fwp%2Fv2%2Fmedia&parent=38585"}],"wp:term":[{"taxonomy":"category","embeddable":true,"href":"https:\/\/zonaroja.com.mx\/index.php?rest_route=%2Fwp%2Fv2%2Fcategories&post=38585"},{"taxonomy":"post_tag","embeddable":true,"href":"https:\/\/zonaroja.com.mx\/index.php?rest_route=%2Fwp%2Fv2%2Ftags&post=38585"}],"curies":[{"name":"wp","href":"https:\/\/api.w.org\/{rel}","templated":true}]}}