{"id":38591,"date":"2022-03-10T13:26:16","date_gmt":"2022-03-10T19:26:16","guid":{"rendered":"https:\/\/www.zonaroja.com.mx\/?p=38591"},"modified":"2022-03-10T13:29:42","modified_gmt":"2022-03-10T19:29:42","slug":"por-tercera-vez-steuabjo-aplaza-estallamiento-a-huelga-no-hay-presupuesto","status":"publish","type":"post","link":"https:\/\/zonaroja.com.mx\/?p=38591","title":{"rendered":"Por tercera vez, STEUABJO aplaza estallamiento a huelga; no hay presupuesto"},"content":{"rendered":"\n<p>Yuridiana Sosa\/Zona Roja.<\/p>\n\n\n\n<p>Oaxaca de Ju\u00e1rez, Oax., 10 de marzo de 2022.- Las dos fracciones del Sindicato de Trabajadores y Empleados de la Universidad Aut\u00f3noma \u201cBenito Ju\u00e1rez\u201d de Oaxaca (STEUABJO) determinaron una pr\u00f3rroga m\u00e1s para el estallamiento a huelga en la m\u00e1xima casa de estudios, que tendr\u00eda efectos el 8 y 9 de marzo.<\/p>\n\n\n\n<p>El secretario general del STEUABJO, Ariel Luj\u00e1n, se\u00f1al\u00f3 que en el caso de ellos se acord\u00f3 como nueva fecha para estallar la huelga el primer minuto del&nbsp;29 de marzo, pues no existieron avances en la negociaci\u00f3n por parte de la Universidad.<\/p>\n\n\n\n<p>La UABJO inform\u00f3 en que el gobierno federal a\u00fan no hace entrega de los recursos correspondientes a este a\u00f1o, por lo que no pod\u00edan realizar ofrecimientos.<\/p>\n\n\n\n<p>La pr\u00f3rroga, agreg\u00f3, es un acto de \u201cbuena voluntad\u201d para evitar afectaciones en las actividades educativas de las instituciones de la Universidad, y de esta forma poder continuar con las negociaciones ante la Junta Local de Conciliaci\u00f3n y Arbitraje&nbsp; para llegar a mejores acuerdos.<\/p>\n\n\n\n<p>Entre las principales exigencias se encuentra el incremento a prestaciones, revisi\u00f3n a cl\u00e1usulas, reparaci\u00f3n de da\u00f1o por violaciones al contrato y basificaci\u00f3n de personal con m\u00e1s de 10 a\u00f1os de antig\u00fcedad laboral.<\/p>\n\n\n\n<p>La fracci\u00f3n representada por Ariel Lujan ya hab\u00eda realizado otros aplazamientos; de origen se fij\u00f3 estallar la huelga el 1 de febrero, luego se aplaz\u00f3 al 23 de febrero, posteriormente el 8 de marzo.<\/p>\n\n\n\n<p>En tanto, la fracci\u00f3n que encabeza Julio Mora, tambi\u00e9n decidi\u00f3 continuar con las negociaciones y acord\u00f3 como emplazamiento el 30 de marzo, tambi\u00e9n pospuesta por tercera ocasi\u00f3n.<\/p>\n","protected":false},"excerpt":{"rendered":"<p>Yuridiana Sosa\/Zona Roja. Oaxaca de Ju\u00e1rez, Oax., 10 de marzo de 2022.- Las dos fracciones&hellip;<\/p>\n","protected":false},"author":2,"featured_media":36997,"comment_status":"closed","ping_status":"open","sticky":false,"template":"","format":"standard","meta":{"_lmt_disableupdate":"","_lmt_disable":"","_jetpack_memberships_contains_paid_content":false,"footnotes":""},"categories":[109,47],"tags":[305],"class_list":["post-38591","post","type-post","status-publish","format-standard","has-post-thumbnail","hentry","category-minuto-a-minuto","category-zona-gris","tag-steuabjo"],"jetpack_featured_media_url":"https:\/\/zonaroja.com.mx\/wp-content\/uploads\/2022\/01\/STEUABJO-huelga-PRI.jpg","jetpack_sharing_enabled":true,"_links":{"self":[{"href":"https:\/\/zonaroja.com.mx\/index.php?rest_route=\/wp\/v2\/posts\/38591","targetHints":{"allow":["GET"]}}],"collection":[{"href":"https:\/\/zonaroja.com.mx\/index.php?rest_route=\/wp\/v2\/posts"}],"about":[{"href":"https:\/\/zonaroja.com.mx\/index.php?rest_route=\/wp\/v2\/types\/post"}],"author":[{"embeddable":true,"href":"https:\/\/zonaroja.com.mx\/index.php?rest_route=\/wp\/v2\/users\/2"}],"replies":[{"embeddable":true,"href":"https:\/\/zonaroja.com.mx\/index.php?rest_route=%2Fwp%2Fv2%2Fcomments&post=38591"}],"version-history":[{"count":1,"href":"https:\/\/zonaroja.com.mx\/index.php?rest_route=\/wp\/v2\/posts\/38591\/revisions"}],"predecessor-version":[{"id":38592,"href":"https:\/\/zonaroja.com.mx\/index.php?rest_route=\/wp\/v2\/posts\/38591\/revisions\/38592"}],"wp:featuredmedia":[{"embeddable":true,"href":"https:\/\/zonaroja.com.mx\/index.php?rest_route=\/wp\/v2\/media\/36997"}],"wp:attachment":[{"href":"https:\/\/zonaroja.com.mx\/index.php?rest_route=%2Fwp%2Fv2%2Fmedia&parent=38591"}],"wp:term":[{"taxonomy":"category","embeddable":true,"href":"https:\/\/zonaroja.com.mx\/index.php?rest_route=%2Fwp%2Fv2%2Fcategories&post=38591"},{"taxonomy":"post_tag","embeddable":true,"href":"https:\/\/zonaroja.com.mx\/index.php?rest_route=%2Fwp%2Fv2%2Ftags&post=38591"}],"curies":[{"name":"wp","href":"https:\/\/api.w.org\/{rel}","templated":true}]}}