{"id":38596,"date":"2022-03-10T19:18:20","date_gmt":"2022-03-11T01:18:20","guid":{"rendered":"http:\/\/www.zonaroja.com.mx\/?p=38596"},"modified":"2022-03-10T19:19:01","modified_gmt":"2022-03-11T01:19:01","slug":"claman-justicaparavilma-mujer-asesinada-en-ciudad-ixtepec","status":"publish","type":"post","link":"https:\/\/zonaroja.com.mx\/?p=38596","title":{"rendered":"Claman #JusticaParaVilma, mujer asesinada en Ciudad Ixtepec"},"content":{"rendered":"\n<p>Ismael Garc\u00eda M.\/Zona Roja.<\/p>\n\n\n\n<p>Oaxaca de Ju\u00e1rez, Oax., 10 de marzo de 2022.- \u00a1Justicia para Vilma! \u00a1Ya basta de violencia contra las mujeres! \u00a1Basta de impunidad! \u00a1Nos tocan a una, nos tocan a todas!<\/p>\n\n\n\n<p>Esas son parte de las consignas que la tarde de este jueves resonaron en las calles de Ciudad Ixtepec, municipio de la regi\u00f3n del Istmo, tras el asesinato de Vilma A. Z., de 45 a\u00f1os de edad.<\/p>\n\n\n\n<p>El probable feminicidio ocurri\u00f3 anoche en un domicilio de la colonia Moderna en que uno o varios sujetos ultimaron a golpes a la mujer; el cuerpo fue descubierto por su hijo, cuando \u00e9ste regresaba de Tuxtla Guti\u00e9rrez, Chiapas, para visitarla.<\/p>\n\n\n\n<p>Toc\u00f3 la puerta del domicilio en repetidas ocasiones, pero nadie le abri\u00f3, por lo cual decidi\u00f3 romper el vidrio; al ingresar, hall\u00f3 a su madre ensangrentada, por lo cual pidi\u00f3 el auxilio de las corporaciones de auxilio.<\/p>\n\n\n\n<p>Sin embargo, los param\u00e9dicos corroboraron que ya no ten\u00eda signos vitales. Esta tarde, las calles de Ciudad Ixtepec se vistieron de luto pero tambi\u00e9n de exigencias a la Fiscal\u00eda General del Estado de Oaxaca, para que investigue a la brevedad, detenga y se castigue al o a los probables responsables del crimen.<\/p>\n","protected":false},"excerpt":{"rendered":"<p>Ismael Garc\u00eda M.\/Zona Roja. Oaxaca de Ju\u00e1rez, Oax., 10 de marzo de 2022.- \u00a1Justicia para&hellip;<\/p>\n","protected":false},"author":2,"featured_media":38597,"comment_status":"closed","ping_status":"open","sticky":false,"template":"","format":"standard","meta":{"_lmt_disableupdate":"","_lmt_disable":"","_jetpack_memberships_contains_paid_content":false,"footnotes":""},"categories":[109,47],"tags":[703],"class_list":["post-38596","post","type-post","status-publish","format-standard","has-post-thumbnail","hentry","category-minuto-a-minuto","category-zona-gris","tag-ciudad-ixtepec"],"jetpack_featured_media_url":"https:\/\/zonaroja.com.mx\/wp-content\/uploads\/2022\/03\/Vilma-Feminicidio-Ciudad-Ixtepec.jpg","jetpack_sharing_enabled":true,"_links":{"self":[{"href":"https:\/\/zonaroja.com.mx\/index.php?rest_route=\/wp\/v2\/posts\/38596","targetHints":{"allow":["GET"]}}],"collection":[{"href":"https:\/\/zonaroja.com.mx\/index.php?rest_route=\/wp\/v2\/posts"}],"about":[{"href":"https:\/\/zonaroja.com.mx\/index.php?rest_route=\/wp\/v2\/types\/post"}],"author":[{"embeddable":true,"href":"https:\/\/zonaroja.com.mx\/index.php?rest_route=\/wp\/v2\/users\/2"}],"replies":[{"embeddable":true,"href":"https:\/\/zonaroja.com.mx\/index.php?rest_route=%2Fwp%2Fv2%2Fcomments&post=38596"}],"version-history":[{"count":2,"href":"https:\/\/zonaroja.com.mx\/index.php?rest_route=\/wp\/v2\/posts\/38596\/revisions"}],"predecessor-version":[{"id":38599,"href":"https:\/\/zonaroja.com.mx\/index.php?rest_route=\/wp\/v2\/posts\/38596\/revisions\/38599"}],"wp:featuredmedia":[{"embeddable":true,"href":"https:\/\/zonaroja.com.mx\/index.php?rest_route=\/wp\/v2\/media\/38597"}],"wp:attachment":[{"href":"https:\/\/zonaroja.com.mx\/index.php?rest_route=%2Fwp%2Fv2%2Fmedia&parent=38596"}],"wp:term":[{"taxonomy":"category","embeddable":true,"href":"https:\/\/zonaroja.com.mx\/index.php?rest_route=%2Fwp%2Fv2%2Fcategories&post=38596"},{"taxonomy":"post_tag","embeddable":true,"href":"https:\/\/zonaroja.com.mx\/index.php?rest_route=%2Fwp%2Fv2%2Ftags&post=38596"}],"curies":[{"name":"wp","href":"https:\/\/api.w.org\/{rel}","templated":true}]}}