{"id":38600,"date":"2022-03-10T20:32:08","date_gmt":"2022-03-11T02:32:08","guid":{"rendered":"http:\/\/www.zonaroja.com.mx\/?p=38600"},"modified":"2022-03-11T10:44:25","modified_gmt":"2022-03-11T16:44:25","slug":"comunicadores-designan-su-comite-del-movimiento-periodismo-en-riesgo-oaxaca","status":"publish","type":"post","link":"https:\/\/zonaroja.com.mx\/?p=38600","title":{"rendered":"Comunicadores designan su comit\u00e9 del movimiento \u201cPeriodismo en riesgo-Oaxaca\u00bb"},"content":{"rendered":"\n<p>Yuridiana Sosa\/Zona Roja.<\/p>\n\n\n\n<p>Oaxaca de Ju\u00e1rez, Oax., 10 de marzo de 2022.- Con el fin de coadyuvar en la defensa de la libertad de prensa, de expresi\u00f3n y derechos de los comunicadores para ejercer sin violencia su labor y buscar justicia por las agresiones, este d\u00eda fue designado el comit\u00e9 del movimiento \u201cPeriodismo en riesgo-Oaxaca\u201d.<\/p>\n\n\n\n<p>En una hist\u00f3rica reuni\u00f3n, de forma presencial y virtual, con decenas de comunicadores de las diferentes regiones del estado, secciones informativas y medios digitales, impresos, radio y televisi\u00f3n, se vot\u00f3 para la conformaci\u00f3n de un equipo representativo para atender y dar seguimiento a las demandas que se presenten a favor de la seguridad y protecci\u00f3n de los periodistas.<\/p>\n\n\n\n<p>El ejercicio de selecci\u00f3n surge tras varios encuentros de unidad entre el gremio, mismos que fueron motivados luego de la serie de eventos violentos contra los periodistas en M\u00e9xico y en los que este a\u00f1o han sido asesinados siete compa\u00f1eros de los medios de comunicaci\u00f3n, entre ellos el oaxaque\u00f1o Heber L\u00f3pez. <\/p>\n\n\n\n<p>Contar con un comit\u00e9 representativo apol\u00edtico tambi\u00e9n busca evitar que las autoridades realicen la selecci\u00f3n discrecional de medios para tomar acuerdos, como ocurri\u00f3 en febrero pasado ante la exigencia generalizada de garant\u00edas para los periodistas en Oaxaca.<\/p>\n\n\n\n<p>El reci\u00e9n nombrado grupo tendr\u00e1 la tarea de representar en las mesas de di\u00e1logo con las autoridades correspondientes para dar atenci\u00f3n a los casos de los comunicadores agredidos.<\/p>\n\n\n\n<p>Los comunicadores que representan, en una primera fase de dos a\u00f1os, a las y los periodistas en la entidad son&nbsp;Alejandro Castellanos, Alondra Olivera, Ismael Garc\u00eda, Ivettte N\u00fa\u00f1ez, Jorge P\u00e9rez y Giselle Melchor.&nbsp;<\/p>\n\n\n\n<p>El encuentro se realiz\u00f3 en el auditorio de la Defensor\u00eda de los Derechos Humanos del Pueblo de Oaxaca (DDHPO), a cuyo titular, Bernardo Rodr\u00edguez Alamilla, las y los trabajadores de los medios informativos agradecieron el respaldo.<\/p>\n","protected":false},"excerpt":{"rendered":"<p>Yuridiana Sosa\/Zona Roja. Oaxaca de Ju\u00e1rez, Oax., 10 de marzo de 2022.- Con el fin&hellip;<\/p>\n","protected":false},"author":2,"featured_media":38601,"comment_status":"closed","ping_status":"open","sticky":false,"template":"","format":"standard","meta":{"_lmt_disableupdate":"","_lmt_disable":"","_jetpack_memberships_contains_paid_content":false,"footnotes":""},"categories":[109,47],"tags":[3063],"class_list":["post-38600","post","type-post","status-publish","format-standard","has-post-thumbnail","hentry","category-minuto-a-minuto","category-zona-gris","tag-periodismo-en-riesgo-oaxaca"],"jetpack_featured_media_url":"https:\/\/zonaroja.com.mx\/wp-content\/uploads\/2022\/03\/Reunion-periodistas.jpg","jetpack_sharing_enabled":true,"_links":{"self":[{"href":"https:\/\/zonaroja.com.mx\/index.php?rest_route=\/wp\/v2\/posts\/38600","targetHints":{"allow":["GET"]}}],"collection":[{"href":"https:\/\/zonaroja.com.mx\/index.php?rest_route=\/wp\/v2\/posts"}],"about":[{"href":"https:\/\/zonaroja.com.mx\/index.php?rest_route=\/wp\/v2\/types\/post"}],"author":[{"embeddable":true,"href":"https:\/\/zonaroja.com.mx\/index.php?rest_route=\/wp\/v2\/users\/2"}],"replies":[{"embeddable":true,"href":"https:\/\/zonaroja.com.mx\/index.php?rest_route=%2Fwp%2Fv2%2Fcomments&post=38600"}],"version-history":[{"count":2,"href":"https:\/\/zonaroja.com.mx\/index.php?rest_route=\/wp\/v2\/posts\/38600\/revisions"}],"predecessor-version":[{"id":38624,"href":"https:\/\/zonaroja.com.mx\/index.php?rest_route=\/wp\/v2\/posts\/38600\/revisions\/38624"}],"wp:featuredmedia":[{"embeddable":true,"href":"https:\/\/zonaroja.com.mx\/index.php?rest_route=\/wp\/v2\/media\/38601"}],"wp:attachment":[{"href":"https:\/\/zonaroja.com.mx\/index.php?rest_route=%2Fwp%2Fv2%2Fmedia&parent=38600"}],"wp:term":[{"taxonomy":"category","embeddable":true,"href":"https:\/\/zonaroja.com.mx\/index.php?rest_route=%2Fwp%2Fv2%2Fcategories&post=38600"},{"taxonomy":"post_tag","embeddable":true,"href":"https:\/\/zonaroja.com.mx\/index.php?rest_route=%2Fwp%2Fv2%2Ftags&post=38600"}],"curies":[{"name":"wp","href":"https:\/\/api.w.org\/{rel}","templated":true}]}}