{"id":38606,"date":"2022-03-10T22:27:17","date_gmt":"2022-03-11T04:27:17","guid":{"rendered":"http:\/\/www.zonaroja.com.mx\/?p=38606"},"modified":"2022-03-10T22:27:19","modified_gmt":"2022-03-11T04:27:19","slug":"agreden-a-periodista-en-oaxaca-en-dia-internacional-de-la-mujer","status":"publish","type":"post","link":"https:\/\/zonaroja.com.mx\/?p=38606","title":{"rendered":"Agreden a periodista en Oaxaca, en D\u00eda Internacional de la Mujer"},"content":{"rendered":"\n<p>Ismael Garc\u00eda M.\/Zona Roja.<\/p>\n\n\n\n<p>Oaxaca de Ju\u00e1rez, Oax., 10 de marzo de 2022.- La fotoperiodista \u00c9rika Ju\u00e1rez fue agredida el pasado martes en la ciudad de Oaxaca, en el marco de una marcha por el Internacional de la Mujer.<\/p>\n\n\n\n<p>La tarde de este jueves, la colaboradora del portal informativo \u201cC\u00f3dices Oaxaca\u201d, relat\u00f3 los hechos a trav\u00e9s de un video y detall\u00f3 que ya present\u00f3 la denuncia respectiva ante la Fiscal\u00eda General del Estado de Oaxaca, as\u00ed como una queja en la Defensor\u00eda de los Derechos Humanos del Pueblo de Oaxaca (DDHPO).<\/p>\n\n\n\n<p>Expuso que durante la cobertura de la marcha, en la colonia Reforma, un sujeto con unas tijeras para jardiner\u00eda la atac\u00f3, sin motivo aparente.<\/p>\n\n\n\n<p>\u201cHoy quiero denunciar este hecho de violencia que sufr\u00ed, donde me caus\u00f3 una cortadura en la parte izquierda de mi cabeza, lo cual tuve que acudir al servicio m\u00e9dico donde me realizaron algunas puntadas\u201d, relat\u00f3.<\/p>\n\n\n\n<p>\u201cQuiero alzar la voz porque hoy fui yo, ma\u00f1ana puedes ser t\u00fa; pido a las autoridades correspondientes justicia, para que casos como el m\u00edo no queden en impunes, as\u00ed como el de dem\u00e1s mujeres que han sido agredidas por un hombre\u201d, dijo.<\/p>\n\n\n\n<p>Cabe precisar que debido a la confusi\u00f3n de los hechos, el d\u00eda 8 de marzo por la tarde s\u00f3lo se difundi\u00f3 la versi\u00f3n de que un grupo de mujeres persigui\u00f3 al sujeto \u2014agresor de la fotoperiodista\u2014 y lo golpe\u00f3, cuando en realidad ellas segu\u00edan al individuo tras la agresi\u00f3n a \u00c9rika Ju\u00e1rez.<\/p>\n\n\n\n<figure class=\"wp-block-embed is-type-rich is-provider-twitter wp-block-embed-twitter\"><div class=\"wp-block-embed__wrapper\">\n<div class=\"twitter-tweet\"><blockquote class=\"twitter-tweet\" data-lang=\"es\"><p lang=\"es\" dir=\"ltr\"><a href=\"https:\/\/twitter.com\/hashtag\/%C3%9AltimoMinuto?src=hash&amp;ref_src=twsrc%5Etfw\">#\u00daltimoMinuto<\/a> <br>\u00a1Alerta! Otra <a href=\"https:\/\/twitter.com\/hashtag\/periodista?src=hash&amp;ref_src=twsrc%5Etfw\">#periodista<\/a> fue agredida en Oaxaca, el pasado 8 de marzo, <a href=\"https:\/\/twitter.com\/hashtag\/DiaInternacionalDeLaMujer?src=hash&amp;ref_src=twsrc%5Etfw\">#DiaInternacionalDeLaMujer<\/a>.<br>Se trata de la fotorreportera <a href=\"https:\/\/twitter.com\/erickajuarezlo?ref_src=twsrc%5Etfw\">@erickajuarezlo<\/a>. <br>Lo revel\u00f3 hoy y exige justicia. <a href=\"https:\/\/twitter.com\/FGR_Oax?ref_src=twsrc%5Etfw\">@FGR_Oax<\/a> <a href=\"https:\/\/twitter.com\/SEGOB_mx?ref_src=twsrc%5Etfw\">@SEGOB_mx<\/a> <a href=\"https:\/\/twitter.com\/CNDH?ref_src=twsrc%5Etfw\">@CNDH<\/a> <a href=\"https:\/\/twitter.com\/article19mex?ref_src=twsrc%5Etfw\">@article19mex<\/a> <a href=\"https:\/\/twitter.com\/julioastillero?ref_src=twsrc%5Etfw\">@julioastillero<\/a> <a href=\"https:\/\/twitter.com\/sdpnoticias?ref_src=twsrc%5Etfw\">@sdpnoticias<\/a> <a href=\"https:\/\/twitter.com\/lopezdoriga?ref_src=twsrc%5Etfw\">@lopezdoriga<\/a> <a href=\"https:\/\/t.co\/s17nSYSJeu\">pic.twitter.com\/s17nSYSJeu<\/a><\/p>&mdash; Zona Roja Oaxaca (@ZonaRoja_Oaxaca) <a href=\"https:\/\/twitter.com\/ZonaRoja_Oaxaca\/status\/1502054652522733569?ref_src=twsrc%5Etfw\">10 de marzo de 2022<\/a><\/blockquote><\/div>\n<\/div><\/figure>\n\n\n\n<p>CONDENA DDHPO<\/p>\n\n\n\n<p>Por su parte, la Defensor\u00eda de los Derechos Humanos del Pueblo de Oaxaca emiti\u00f3 un comunicado, en que expres\u00f3 su condena por estos hechos:<\/p>\n\n\n\n<p>\u201cAnte los hechos, personal del organismo aut\u00f3nomo brind\u00f3 acompa\u00f1amiento a la comunicadora para presentar la denuncia penal correspondiente, adem\u00e1s de iniciar el expediente DDHPO\/CA\/0081\/(01)\/OAX\/2022, a trav\u00e9s del cual dict\u00f3 medidas cautelares y solicit\u00f3 a la Fiscal\u00eda General de Justicia del Estado realizar una investigaci\u00f3n con perspectiva de g\u00e9nero, a esta instancia, as\u00ed como al municipio de Oaxaca de Ju\u00e1rez, les pidi\u00f3 brindar garant\u00edas de seguridad para la fotorreportera.<\/p>\n\n\n\n<p>\u201cLa Defensor\u00eda tuvo conocimiento que, durante la movilizaci\u00f3n que parti\u00f3 del parque Ju\u00e1rez \u201cEl llano\u201d a la Fuente de las 8 Regiones con motivo del D\u00eda Internacional de la Mujer, la periodista fue agredida en la colonia Reforma, por un sujeto que portaba unas tijeras de jard\u00edn.<\/p>\n\n\n\n<p>\u201cAnte estos hechos, la DDHPO se\u00f1al\u00f3 que resulta fundamental establecer mecanismos que permitan garantizar el ejercicio adecuado de la libertad de expresi\u00f3n, pero, adem\u00e1s, el derecho a la libre manifestaci\u00f3n de ideas, ya que se advierte un clima de criminalizaci\u00f3n de la protesta de las mujeres.<\/p>\n\n\n\n<p>\u201cY es que, la DDHPO ha observado que las y los periodistas son agredidos en el marco de movilizaciones de manera sistem\u00e1tica, por lo que resulta fundamental el acceso a la justicia transicional, es decir: verdad, reparaci\u00f3n y garant\u00edas de no repetici\u00f3n.<\/p>\n\n\n\n<p>\u201cSin embargo, en el caso al que se hace referencia, se presenta tambi\u00e9n en un contexto de defensa de derechos de las mujeres, en el que la estigmatizaci\u00f3n e intolerancia provocaron un hecho de violencia contra la comunicadora.<\/p>\n\n\n\n<p>\u201cEs necesario garantizar la justicia en casos como el ocurrido contra la reportera Erika Ju\u00e1rez, puesto que, de lo contrario, se provoca un sentimiento de impunidad y se repite la vulneraci\u00f3n de derechos contra las mujeres\u201d, resalt\u00f3 el defensor de los Derechos Humanos del Pueblo de Oaxaca, Bernardo Rodr\u00edguez Alamilla.<\/p>\n\n\n\n<p>Asimismo, cabe destacar que, de enero de 2015 a marzo de 2022, la Defensor\u00eda de los Derechos Humanos del Pueblo de Oaxaca ha iniciado 295 investigaciones derivadas de quejas y\/o cuadernos de antecedentes relacionados con violaciones a los derechos de periodistas en la entidad.<\/p>\n","protected":false},"excerpt":{"rendered":"<p>Ismael Garc\u00eda M.\/Zona Roja. Oaxaca de Ju\u00e1rez, Oax., 10 de marzo de 2022.- La fotoperiodista&hellip;<\/p>\n","protected":false},"author":2,"featured_media":38607,"comment_status":"closed","ping_status":"open","sticky":false,"template":"","format":"standard","meta":{"_lmt_disableupdate":"","_lmt_disable":"","_jetpack_memberships_contains_paid_content":false,"footnotes":""},"categories":[109,47],"tags":[3064],"class_list":["post-38606","post","type-post","status-publish","format-standard","has-post-thumbnail","hentry","category-minuto-a-minuto","category-zona-gris","tag-erika-juarez-lopez"],"jetpack_featured_media_url":"https:\/\/zonaroja.com.mx\/wp-content\/uploads\/2022\/03\/Agresor-de-fotoperiodista-Eriika-Juarez.jpg","jetpack_sharing_enabled":true,"_links":{"self":[{"href":"https:\/\/zonaroja.com.mx\/index.php?rest_route=\/wp\/v2\/posts\/38606","targetHints":{"allow":["GET"]}}],"collection":[{"href":"https:\/\/zonaroja.com.mx\/index.php?rest_route=\/wp\/v2\/posts"}],"about":[{"href":"https:\/\/zonaroja.com.mx\/index.php?rest_route=\/wp\/v2\/types\/post"}],"author":[{"embeddable":true,"href":"https:\/\/zonaroja.com.mx\/index.php?rest_route=\/wp\/v2\/users\/2"}],"replies":[{"embeddable":true,"href":"https:\/\/zonaroja.com.mx\/index.php?rest_route=%2Fwp%2Fv2%2Fcomments&post=38606"}],"version-history":[{"count":1,"href":"https:\/\/zonaroja.com.mx\/index.php?rest_route=\/wp\/v2\/posts\/38606\/revisions"}],"predecessor-version":[{"id":38608,"href":"https:\/\/zonaroja.com.mx\/index.php?rest_route=\/wp\/v2\/posts\/38606\/revisions\/38608"}],"wp:featuredmedia":[{"embeddable":true,"href":"https:\/\/zonaroja.com.mx\/index.php?rest_route=\/wp\/v2\/media\/38607"}],"wp:attachment":[{"href":"https:\/\/zonaroja.com.mx\/index.php?rest_route=%2Fwp%2Fv2%2Fmedia&parent=38606"}],"wp:term":[{"taxonomy":"category","embeddable":true,"href":"https:\/\/zonaroja.com.mx\/index.php?rest_route=%2Fwp%2Fv2%2Fcategories&post=38606"},{"taxonomy":"post_tag","embeddable":true,"href":"https:\/\/zonaroja.com.mx\/index.php?rest_route=%2Fwp%2Fv2%2Ftags&post=38606"}],"curies":[{"name":"wp","href":"https:\/\/api.w.org\/{rel}","templated":true}]}}