{"id":38613,"date":"2022-03-11T08:07:06","date_gmt":"2022-03-11T14:07:06","guid":{"rendered":"http:\/\/www.zonaroja.com.mx\/?p=38613"},"modified":"2022-03-11T08:07:08","modified_gmt":"2022-03-11T14:07:08","slug":"dirigencia-del-pri-estatal-instala-mesa-de-coordinacion-oaxaca","status":"publish","type":"post","link":"https:\/\/zonaroja.com.mx\/?p=38613","title":{"rendered":"Dirigencia del PRI estatal instala Mesa de Coordinaci\u00f3n Oaxaca"},"content":{"rendered":"\n<p>Redacci\u00f3n\/Zona Roja.<\/p>\n\n\n\n<p>Oaxaca de Ju\u00e1rez, Oax., 11 de marzo de 2022.- El presidente del PRI en Oaxaca, Javier Villaca\u00f1a Jim\u00e9nez, y la secretaria General Lizbeth Concha Ojeda, junto con los secretarios, sectores y organizaciones, recibieron en la sede del partido al secretario de Acci\u00f3n Electoral, Carlos Iriarte Mercado, y al secretario de Alianza Pol\u00edtica y Agenda Ciudadana, ex gobernador de Yucat\u00e1n, Rolando Zapata Bello, del Comit\u00e9 Ejecutivo Nacional (CEN).&nbsp;<\/p>\n\n\n\n<p>Al dar la bienvenida, Villaca\u00f1a Jim\u00e9nez destac\u00f3 la importancia de la capacitaci\u00f3n en materia electoral que le brinda a Oaxaca el CEN y agradeci\u00f3 al secretario de Acci\u00f3n Electoral Carlos Iriarte, llegar hasta Oaxaca como en otras elecciones para aportar la experiencia necesaria que permita a la militancia dar buenos resultados el pr\u00f3ximo 5 de junio.<\/p>\n\n\n\n<p>Expres\u00f3 que en Oaxaca, existe un pri\u00edsmo unido y trabajando en cada una de las regiones del estado y una dirigencia que est\u00e1 yendo a las comunidades a tocar a la militancia y reconocerles el gran trabajo que hacen por el partido, poniendo el coraz\u00f3n y el alma en sus acciones.<\/p>\n\n\n\n<p>En su momento Alejandro Avil\u00e9s \u00c1lvarez, pri\u00edsta distinguido, sostuvo que trabajar en el PRI, desde que ten\u00eda 18 a\u00f1os, ha sido un privilegio porque le ha permitido conocer cada rinc\u00f3n de Oaxaca y ostentar cargos p\u00fablicos en los que ha servido a la ciudadan\u00eda.<\/p>\n\n\n\n<p>De su lado, el secretario de Acci\u00f3n Electoral del CEN, Carlos Iriarte reconoci\u00f3 la importancia de que cada uno de los liderazgos del partido, \u201chagan su trabajo\u201d, no necesariamente al lado de qui\u00e9n es el candidato postulado, sino desde su \u00e1rea de experiencia, desde la regi\u00f3n que conoce y que ha trabajado para volverse multiplicadores del mensaje de quien ser\u00e1 nuestro candidato registrado.<\/p>\n\n\n\n<figure class=\"wp-block-embed is-type-rich is-provider-twitter wp-block-embed-twitter\"><div class=\"wp-block-embed__wrapper\">\n<div class=\"twitter-tweet\"><blockquote class=\"twitter-tweet\" data-lang=\"es\"><p lang=\"es\" dir=\"ltr\">Con <a href=\"https:\/\/twitter.com\/carlosiriarte_?ref_src=twsrc%5Etfw\">@carlosiriarte_<\/a> de Acci\u00f3n Electoral y <a href=\"https:\/\/twitter.com\/RolandoZapataB?ref_src=twsrc%5Etfw\">@RolandoZapataB<\/a> de Alianza Pol\u00edtica y Agenda Ciudadana del <a href=\"https:\/\/twitter.com\/PRI_Nacional?ref_src=twsrc%5Etfw\">@PRI_Nacional<\/a> instalamos la mesa de coordinaci\u00f3n y seguimiento de la estrategia electoral 2022.Uniendo esfuerzos del CEN,el priismo oaxaque\u00f1o y en su momento el equipo de campa\u00f1a <a href=\"https:\/\/t.co\/VVkXe3z58g\">pic.twitter.com\/VVkXe3z58g<\/a><\/p>&mdash; Javier Villaca\u00f1a (@JavierVillacana) <a href=\"https:\/\/twitter.com\/JavierVillacana\/status\/1502082641306267649?ref_src=twsrc%5Etfw\">11 de marzo de 2022<\/a><\/blockquote><\/div>\n<\/div><\/figure>\n\n\n\n<p>Los asistentes a la reuni\u00f3n, coincidieron en que en el PRI, no hay espacio para la simulaci\u00f3n y por eso es bienvenida la capacitaci\u00f3n, pero tambi\u00e9n la supervisi\u00f3n del CEN del PRI, de personas que, como Carlos Iriarte y Rolando Zapata Bello, han ganado elecciones y han adquirido una experiencia que es muy valiosa para el proceso que viviremos los oaxaque\u00f1os el pr\u00f3ximo 05 de junio.<\/p>\n\n\n\n<p>En su momento, el pri\u00edsta distinguido Germ\u00e1n Espinosa Santiba\u00f1ez expres\u00f3: \u201ces muy importante en esta elecci\u00f3n la unidad del pri\u00edsmo que se nota en las regiones y que se ve trabajando con alegr\u00eda y con convicci\u00f3n, por eso es claro que vamos por un triunfo contundente, pero sin soslayar que debemos dar tiros de precisi\u00f3n donde cada uno de los militantes, haga su funci\u00f3n\u201d.<\/p>\n\n\n\n<p>Al t\u00e9rmino del evento, el ex gobernador y secretario de Alianza Pol\u00edtica y Agenda Ciudadana Rolando Zapata Bello, destac\u00f3 que el activismo territorial es tan importante como el activismo digital, por lo que es imprescindible crear una campa\u00f1a de resonancia para que los mensajes y argumentarios del PRI, permanezcan en el inconsciente colectivo m\u00e1s tiempo, de esta manera, se\u00f1al\u00f3 que podemos convencer a m\u00e1s personas.<\/p>\n\n\n\n<p>Con esta reuni\u00f3n, qued\u00f3 instalada la Mesa de Coordinaci\u00f3n Oaxaca 2022 que tendr\u00e1 como objetivo la capacitaci\u00f3n electoral de todas las estructuras del pri\u00edsmo en el estado.<\/p>\n","protected":false},"excerpt":{"rendered":"<p>Redacci\u00f3n\/Zona Roja. Oaxaca de Ju\u00e1rez, Oax., 11 de marzo de 2022.- El presidente del PRI&hellip;<\/p>\n","protected":false},"author":2,"featured_media":38614,"comment_status":"closed","ping_status":"open","sticky":false,"template":"","format":"standard","meta":{"_lmt_disableupdate":"","_lmt_disable":"","_jetpack_memberships_contains_paid_content":false,"footnotes":""},"categories":[109,46],"tags":[2456],"class_list":["post-38613","post","type-post","status-publish","format-standard","has-post-thumbnail","hentry","category-minuto-a-minuto","category-zona-blanca","tag-javier-villacana-jimenez"],"jetpack_featured_media_url":"https:\/\/zonaroja.com.mx\/wp-content\/uploads\/2022\/03\/Mesa-PRI-Oaxaca.jpeg","jetpack_sharing_enabled":true,"_links":{"self":[{"href":"https:\/\/zonaroja.com.mx\/index.php?rest_route=\/wp\/v2\/posts\/38613","targetHints":{"allow":["GET"]}}],"collection":[{"href":"https:\/\/zonaroja.com.mx\/index.php?rest_route=\/wp\/v2\/posts"}],"about":[{"href":"https:\/\/zonaroja.com.mx\/index.php?rest_route=\/wp\/v2\/types\/post"}],"author":[{"embeddable":true,"href":"https:\/\/zonaroja.com.mx\/index.php?rest_route=\/wp\/v2\/users\/2"}],"replies":[{"embeddable":true,"href":"https:\/\/zonaroja.com.mx\/index.php?rest_route=%2Fwp%2Fv2%2Fcomments&post=38613"}],"version-history":[{"count":1,"href":"https:\/\/zonaroja.com.mx\/index.php?rest_route=\/wp\/v2\/posts\/38613\/revisions"}],"predecessor-version":[{"id":38615,"href":"https:\/\/zonaroja.com.mx\/index.php?rest_route=\/wp\/v2\/posts\/38613\/revisions\/38615"}],"wp:featuredmedia":[{"embeddable":true,"href":"https:\/\/zonaroja.com.mx\/index.php?rest_route=\/wp\/v2\/media\/38614"}],"wp:attachment":[{"href":"https:\/\/zonaroja.com.mx\/index.php?rest_route=%2Fwp%2Fv2%2Fmedia&parent=38613"}],"wp:term":[{"taxonomy":"category","embeddable":true,"href":"https:\/\/zonaroja.com.mx\/index.php?rest_route=%2Fwp%2Fv2%2Fcategories&post=38613"},{"taxonomy":"post_tag","embeddable":true,"href":"https:\/\/zonaroja.com.mx\/index.php?rest_route=%2Fwp%2Fv2%2Ftags&post=38613"}],"curies":[{"name":"wp","href":"https:\/\/api.w.org\/{rel}","templated":true}]}}