{"id":38616,"date":"2022-03-11T08:12:08","date_gmt":"2022-03-11T14:12:08","guid":{"rendered":"http:\/\/www.zonaroja.com.mx\/?p=38616"},"modified":"2022-03-11T08:12:10","modified_gmt":"2022-03-11T14:12:10","slug":"deja-el-covid-el-jueves-111-contagios-y-6-muertes-en-oaxaca","status":"publish","type":"post","link":"https:\/\/zonaroja.com.mx\/?p=38616","title":{"rendered":"Deja el Covid el jueves 111 contagios y 6 muertes en Oaxaca"},"content":{"rendered":"\n<p>Redacci\u00f3n\/Zona Roja.<\/p>\n\n\n\n<p>Oaxaca de Ju\u00e1rez, Oax. 11 de marzo de 2022.- Durante el jueves fueron reportados 111 casos nuevos de Covid-19 en el estado, con ello suman 118 mil 350 contagios acumulados, informaron los Servicios de Salud de Oaxaca (SSO) este 10 de marzo.<\/p>\n\n\n\n<p>As\u00ed tambi\u00e9n este jueves se notificaron seis defunciones, de las cuales dos de ellas corresponde a muertes de meses atr\u00e1s, por actualizaci\u00f3n al Sistema Epidemiol\u00f3gico y Estad\u00edstico de las Defunciones (Plataforma REDVE), dando un total de 6 mil 089 personas que han perdido la vida a causa del virus; tres mil 871 eran hombres y dos mil 218 mujeres, siendo el grupo de edad m\u00e1s afectado los mayores de 65 a\u00f1os, con 2 mil 894 fallecimientos.<\/p>\n\n\n\n<p>En cuanto a la hospitalizaci\u00f3n, a nivel estatal hay una ocupaci\u00f3n del 19.4% en general; seis hospitales se encuentran al 100% en su capacidad. Por Jurisdicci\u00f3n Sanitaria, Tuxtepec ocupa el mayor porcentaje de ocupaci\u00f3n de camas con 37.5%, seguido de la Mixteca con 25%, Valles Centrales con 24.4%, Istmo con 10%, Costa con 7.3% y Sierra con 0%.<\/p>\n\n\n\n<p>En esta jornada se ingresaron a tres nuevos pacientes a la red m\u00e9dica en Oaxaca, es decir, hay 76 camas ocupadas, de un total de 392.<\/p>\n\n\n\n<figure class=\"wp-block-embed is-type-rich is-provider-twitter wp-block-embed-twitter\"><div class=\"wp-block-embed__wrapper\">\n<div class=\"twitter-tweet\"><blockquote class=\"twitter-tweet\" data-lang=\"es\"><p lang=\"es\" dir=\"ltr\"><a href=\"https:\/\/twitter.com\/hashtag\/%C3%9AltimoMinuto?src=hash&amp;ref_src=twsrc%5Etfw\">#\u00daltimoMinuto<\/a><br>Este jueves, en <a href=\"https:\/\/twitter.com\/hashtag\/Oaxaca?src=hash&amp;ref_src=twsrc%5Etfw\">#Oaxaca<\/a> se registraron 111 casos positivos a Covid y 6 decesos; existen 663 casos activos.<br>Suman 118 mil 350 casos confirmados y 6 mil 89 decesos.<br>Hay 6 nosocomios saturados y la ocupaci\u00f3n hospitalaria es de 19.4%, informaron los Servicios de Salud. <a href=\"https:\/\/t.co\/gmd34Z07bO\">pic.twitter.com\/gmd34Z07bO<\/a><\/p>&mdash; Zona Roja Oaxaca (@ZonaRoja_Oaxaca) <a href=\"https:\/\/twitter.com\/ZonaRoja_Oaxaca\/status\/1502129443883597825?ref_src=twsrc%5Etfw\">11 de marzo de 2022<\/a><\/blockquote><\/div>\n<\/div><\/figure>\n\n\n\n<p>Los nuevos diagn\u00f3sticos reportados en las \u00faltimas 24 horas se ubican en 50 municipios, entre los que sobresalen: Oaxaca de Ju\u00e1rez con 45, San Juan Bautista Tuxtepec con 10, Santa Cruz Xoxocotl\u00e1n con nueve, Santa Luc\u00eda del Camino con seis y Santa Mar\u00eda Huatulco con cinco, principalmente. Con lo cual, la pandemia se encuentra activa en 99 ayuntamientos del territorio oaxaque\u00f1o.<\/p>\n\n\n\n<p>La Jurisdicci\u00f3n Sanitaria de Valles Centrales, contabiliz\u00f3 72 mil 267 casos, 346 activos y dos mil 659 defunciones; Istmo 16 mil 487 confirmados, 163 activos y mil 338 decesos; Tuxtepec ocho mil 831 confirmados, 75 activos y 609 muertes; Costa ocho mil 222 confirmados, 47 activos y 507 fallecimientos; Mixteca ocho mil 728 confirmados, 18 activos y 632 defunciones; Sierra tres mil 815 confirmados, 14 activos y 344 p\u00e9rdida de vidas.<\/p>\n\n\n\n<p>La dependencia se\u00f1al\u00f3 que las acciones de higiene, el uso correcto del cubrebocas, sana distancia y lavado de manos frecuentemente, contin\u00faan siendo indispensables para evitar contagios, adem\u00e1s invit\u00f3 a la ciudadan\u00eda a no \u201cBajar la guardia, pues la pandemia contin\u00faa activa\u201d.<\/p>\n\n\n\n<p>(Comunicado)<\/p>\n","protected":false},"excerpt":{"rendered":"<p>Redacci\u00f3n\/Zona Roja. Oaxaca de Ju\u00e1rez, Oax. 11 de marzo de 2022.- Durante el jueves fueron&hellip;<\/p>\n","protected":false},"author":2,"featured_media":38617,"comment_status":"closed","ping_status":"open","sticky":false,"template":"","format":"standard","meta":{"_lmt_disableupdate":"","_lmt_disable":"","_jetpack_memberships_contains_paid_content":false,"footnotes":""},"categories":[109,47],"tags":[1512],"class_list":["post-38616","post","type-post","status-publish","format-standard","has-post-thumbnail","hentry","category-minuto-a-minuto","category-zona-gris","tag-coronavirus-oaxaca"],"jetpack_featured_media_url":"https:\/\/zonaroja.com.mx\/wp-content\/uploads\/2022\/03\/Cifras-Covid-10-marzo.jpg","jetpack_sharing_enabled":true,"_links":{"self":[{"href":"https:\/\/zonaroja.com.mx\/index.php?rest_route=\/wp\/v2\/posts\/38616","targetHints":{"allow":["GET"]}}],"collection":[{"href":"https:\/\/zonaroja.com.mx\/index.php?rest_route=\/wp\/v2\/posts"}],"about":[{"href":"https:\/\/zonaroja.com.mx\/index.php?rest_route=\/wp\/v2\/types\/post"}],"author":[{"embeddable":true,"href":"https:\/\/zonaroja.com.mx\/index.php?rest_route=\/wp\/v2\/users\/2"}],"replies":[{"embeddable":true,"href":"https:\/\/zonaroja.com.mx\/index.php?rest_route=%2Fwp%2Fv2%2Fcomments&post=38616"}],"version-history":[{"count":1,"href":"https:\/\/zonaroja.com.mx\/index.php?rest_route=\/wp\/v2\/posts\/38616\/revisions"}],"predecessor-version":[{"id":38618,"href":"https:\/\/zonaroja.com.mx\/index.php?rest_route=\/wp\/v2\/posts\/38616\/revisions\/38618"}],"wp:featuredmedia":[{"embeddable":true,"href":"https:\/\/zonaroja.com.mx\/index.php?rest_route=\/wp\/v2\/media\/38617"}],"wp:attachment":[{"href":"https:\/\/zonaroja.com.mx\/index.php?rest_route=%2Fwp%2Fv2%2Fmedia&parent=38616"}],"wp:term":[{"taxonomy":"category","embeddable":true,"href":"https:\/\/zonaroja.com.mx\/index.php?rest_route=%2Fwp%2Fv2%2Fcategories&post=38616"},{"taxonomy":"post_tag","embeddable":true,"href":"https:\/\/zonaroja.com.mx\/index.php?rest_route=%2Fwp%2Fv2%2Ftags&post=38616"}],"curies":[{"name":"wp","href":"https:\/\/api.w.org\/{rel}","templated":true}]}}