{"id":38625,"date":"2022-03-11T13:04:57","date_gmt":"2022-03-11T19:04:57","guid":{"rendered":"https:\/\/www.zonaroja.com.mx\/?p=38625"},"modified":"2022-03-11T13:04:59","modified_gmt":"2022-03-11T19:04:59","slug":"violencia-criminal-608-feminicidios-en-oaxaca-en-5-anos-3-meses","status":"publish","type":"post","link":"https:\/\/zonaroja.com.mx\/?p=38625","title":{"rendered":"Violencia criminal: 608 feminicidios en Oaxaca, en 5 a\u00f1os 3 meses"},"content":{"rendered":"\n<p>Redacci\u00f3n\/Zona Roja.&nbsp;<\/p>\n\n\n\n<p>Oaxaca de Ju\u00e1rez, Oax., 12 de marzo de 2022.- Desde el 1 de diciembre de 2016 hasta la fecha, periodo que corresponde a la administraci\u00f3n del gobierno encabezado por Alejandro Murat Hinojosa, 608 ni\u00f1as, adolescentes y mujeres han sufrido muertes violentas en el estado de Oaxaca.<\/p>\n\n\n\n<p>De acuerdo al registro hemerogr\u00e1fico de la Plataforma de Violencia Feminicida (PVF) de Consorcio para el Di\u00e1logo Parlamentario y la Equidad, en el 73% del total de feminicidios la edad de la v\u00edctima es conocida. De este porcentaje, el 40% de los casos corresponde a mujeres con un rango de edad entre los 30 y 50 a\u00f1os.&nbsp;<\/p>\n\n\n\n<p>Las mujeres en el rango de 18 a 30 a\u00f1os ocuparon el segundo lugar en incidencia de feminicidios, con el 28% de los casos en los que la edad de las v\u00edctimas es conocida.<\/p>\n\n\n\n<p>Les siguen los rangos de 50 a 70 a\u00f1os (15% de incidencia), 5 a 18 a\u00f1os (9%), mayores de 70 a\u00f1os (6%) y menores de 5 a\u00f1os (2%).<\/p>\n\n\n\n<p>Apenas el mi\u00e9rcoles y jueves ocurrieron dos probables feminicidios, en Ciudad Ixtepec y Salina Cruz, municipios de la regi\u00f3n Istmo de Oaxaca. <\/p>\n","protected":false},"excerpt":{"rendered":"<p>Redacci\u00f3n\/Zona Roja.&nbsp; Oaxaca de Ju\u00e1rez, Oax., 12 de marzo de 2022.- Desde el 1 de&hellip;<\/p>\n","protected":false},"author":2,"featured_media":33369,"comment_status":"closed","ping_status":"open","sticky":false,"template":"","format":"standard","meta":{"_lmt_disableupdate":"","_lmt_disable":"","_jetpack_memberships_contains_paid_content":false,"footnotes":""},"categories":[109,47],"tags":[97],"class_list":["post-38625","post","type-post","status-publish","format-standard","has-post-thumbnail","hentry","category-minuto-a-minuto","category-zona-gris","tag-feminicidios"],"jetpack_featured_media_url":"https:\/\/zonaroja.com.mx\/wp-content\/uploads\/2021\/10\/Feminicidios-suicidios-menores-Oaxaca.jpg","jetpack_sharing_enabled":true,"_links":{"self":[{"href":"https:\/\/zonaroja.com.mx\/index.php?rest_route=\/wp\/v2\/posts\/38625","targetHints":{"allow":["GET"]}}],"collection":[{"href":"https:\/\/zonaroja.com.mx\/index.php?rest_route=\/wp\/v2\/posts"}],"about":[{"href":"https:\/\/zonaroja.com.mx\/index.php?rest_route=\/wp\/v2\/types\/post"}],"author":[{"embeddable":true,"href":"https:\/\/zonaroja.com.mx\/index.php?rest_route=\/wp\/v2\/users\/2"}],"replies":[{"embeddable":true,"href":"https:\/\/zonaroja.com.mx\/index.php?rest_route=%2Fwp%2Fv2%2Fcomments&post=38625"}],"version-history":[{"count":1,"href":"https:\/\/zonaroja.com.mx\/index.php?rest_route=\/wp\/v2\/posts\/38625\/revisions"}],"predecessor-version":[{"id":38626,"href":"https:\/\/zonaroja.com.mx\/index.php?rest_route=\/wp\/v2\/posts\/38625\/revisions\/38626"}],"wp:featuredmedia":[{"embeddable":true,"href":"https:\/\/zonaroja.com.mx\/index.php?rest_route=\/wp\/v2\/media\/33369"}],"wp:attachment":[{"href":"https:\/\/zonaroja.com.mx\/index.php?rest_route=%2Fwp%2Fv2%2Fmedia&parent=38625"}],"wp:term":[{"taxonomy":"category","embeddable":true,"href":"https:\/\/zonaroja.com.mx\/index.php?rest_route=%2Fwp%2Fv2%2Fcategories&post=38625"},{"taxonomy":"post_tag","embeddable":true,"href":"https:\/\/zonaroja.com.mx\/index.php?rest_route=%2Fwp%2Fv2%2Ftags&post=38625"}],"curies":[{"name":"wp","href":"https:\/\/api.w.org\/{rel}","templated":true}]}}