{"id":38627,"date":"2022-03-11T14:54:17","date_gmt":"2022-03-11T20:54:17","guid":{"rendered":"http:\/\/www.zonaroja.com.mx\/?p=38627"},"modified":"2022-03-11T15:08:41","modified_gmt":"2022-03-11T21:08:41","slug":"asesinan-a-empresario-hotelero-en-huatulco-oaxaca","status":"publish","type":"post","link":"https:\/\/zonaroja.com.mx\/?p=38627","title":{"rendered":"Asesinan a empresario hotelero en Huatulco, Oaxaca"},"content":{"rendered":"\n<p>Redacci\u00f3n\/Zona Roja. Foto: Cortes\u00eda<\/p>\n\n\n\n<p>Oaxaca de Ju\u00e1rez, Oax., 11 de marzo de 2022.- Un empresario del ramo hotelero fue asesinado esta tarde en Santa Mar\u00eda Huatulco, municipio de la regi\u00f3n Costa de Oaxaca y sede del principal destino tur\u00edstico de playa de la entidad.<\/p>\n\n\n\n<p>En su domicilio ubicado en la colonia 20 de Noviembre, conocido tambi\u00e9n como el fraccionamiento \u201cEl Crucero\u201d, cerca del aeropuerto, sujetos armados ingresaron y acribillaron a Tom\u00e1s Mart\u00ednez, quien de inmediato perdi\u00f3 la vida.<\/p>\n\n\n\n<p>Hasta el momento se desconoce el m\u00f3vil del crimen, as\u00ed como el o los probables autores del asesinato.<\/p>\n\n\n\n<p>Persona de la Vicefiscal\u00eda Regional de la Costa, con sede en Santa Cruz Huatulco, iniciaron las indagatorias correspondientes para indagar los hechos.<\/p>\n\n\n\n<p>Vecinos de la zona expresaron su repudio y exigieron seguridad en la zona, que tradicionalmente era pac\u00edfica y no se hab\u00edan registrado hechos delictivos de alto impacto, hasta hoy.<\/p>\n","protected":false},"excerpt":{"rendered":"<p>Redacci\u00f3n\/Zona Roja. Foto: Cortes\u00eda Oaxaca de Ju\u00e1rez, Oax., 11 de marzo de 2022.- Un empresario&hellip;<\/p>\n","protected":false},"author":2,"featured_media":38628,"comment_status":"closed","ping_status":"open","sticky":false,"template":"","format":"standard","meta":{"_lmt_disableupdate":"","_lmt_disable":"","_jetpack_memberships_contains_paid_content":false,"footnotes":""},"categories":[109,51],"tags":[1337],"class_list":["post-38627","post","type-post","status-publish","format-standard","has-post-thumbnail","hentry","category-minuto-a-minuto","category-zona-roja","tag-santa-maria-huatulco"],"jetpack_featured_media_url":"https:\/\/zonaroja.com.mx\/wp-content\/uploads\/2022\/03\/Empresario-asesinado-Huatulco.jpeg","jetpack_sharing_enabled":true,"_links":{"self":[{"href":"https:\/\/zonaroja.com.mx\/index.php?rest_route=\/wp\/v2\/posts\/38627","targetHints":{"allow":["GET"]}}],"collection":[{"href":"https:\/\/zonaroja.com.mx\/index.php?rest_route=\/wp\/v2\/posts"}],"about":[{"href":"https:\/\/zonaroja.com.mx\/index.php?rest_route=\/wp\/v2\/types\/post"}],"author":[{"embeddable":true,"href":"https:\/\/zonaroja.com.mx\/index.php?rest_route=\/wp\/v2\/users\/2"}],"replies":[{"embeddable":true,"href":"https:\/\/zonaroja.com.mx\/index.php?rest_route=%2Fwp%2Fv2%2Fcomments&post=38627"}],"version-history":[{"count":2,"href":"https:\/\/zonaroja.com.mx\/index.php?rest_route=\/wp\/v2\/posts\/38627\/revisions"}],"predecessor-version":[{"id":38630,"href":"https:\/\/zonaroja.com.mx\/index.php?rest_route=\/wp\/v2\/posts\/38627\/revisions\/38630"}],"wp:featuredmedia":[{"embeddable":true,"href":"https:\/\/zonaroja.com.mx\/index.php?rest_route=\/wp\/v2\/media\/38628"}],"wp:attachment":[{"href":"https:\/\/zonaroja.com.mx\/index.php?rest_route=%2Fwp%2Fv2%2Fmedia&parent=38627"}],"wp:term":[{"taxonomy":"category","embeddable":true,"href":"https:\/\/zonaroja.com.mx\/index.php?rest_route=%2Fwp%2Fv2%2Fcategories&post=38627"},{"taxonomy":"post_tag","embeddable":true,"href":"https:\/\/zonaroja.com.mx\/index.php?rest_route=%2Fwp%2Fv2%2Ftags&post=38627"}],"curies":[{"name":"wp","href":"https:\/\/api.w.org\/{rel}","templated":true}]}}