{"id":3863,"date":"2019-09-11T14:43:53","date_gmt":"2019-09-11T19:43:53","guid":{"rendered":"https:\/\/www.zonaroja.com.mx\/?p=3863"},"modified":"2019-09-11T14:45:54","modified_gmt":"2019-09-11T19:45:54","slug":"exigen-libertad-de-miguel-peralta-acusado-de-homicidio-en-eloxochitlan-oaxaca","status":"publish","type":"post","link":"https:\/\/zonaroja.com.mx\/?p=3863","title":{"rendered":"Exigen libertad de Miguel Peralta, acusado de homicidio en Eloxochitl\u00e1n, Oaxaca"},"content":{"rendered":"\n<p class=\"p2\">Redacci\u00f3n\/Zona Roja. <\/p>\n\n\n\n<p class=\"p1\">Oaxaca de Ju\u00e1rez, Oax., 11 de septiembre de 2019:1 Activistas en defensa de los presos pol\u00edticos exigieron al Poder Judicial de Oaxaca la liberaci\u00f3n del defensor comunitario de Eloxochitl\u00e1n de Flores Mag\u00f3n, Miguel \u00c1ngel Peralta Betanzos, preso desde hace cuatro a\u00f1os, acusado injustamente de homicidio calificados tentativa de homicidio.<\/p>\n\n\n\n<p class=\"p2\">De acuerdo con Mar\u00eda del Carmen, integrante del Colectivo de Solidaridad por la Libertad de Miguel Peralta Betanzos, la acusaci\u00f3n penal en contra del defensor ha estado plagada de irregularidades y violaciones a los derechos humanos, ya que al interior del expediente no existe una sola prueba que lo acredite como responsable de los delitos que se le imputan.<\/p>\n\n\n\n<p class=\"p2\">Record\u00f3 que el 30 de abril del 2015, Miguel fue detenido en la Ciudad de M\u00e9xico mientras se encontraba trabajando, estuvo incomunicado por m\u00e1s de 20 horas hasta que se le ubic\u00f3 al interior del reclusorio de Tlaxiaco, junto con otras 35 personas m\u00e1s de la Asamblea Comunitaria de Eloxochitl\u00e1n.<\/p>\n\n\n\n<p class=\"p2\">Lo anterior, de acuerdo con la activista, se traduce en la criminalizaci\u00f3n y encarcelamiento de defensores ind\u00edgenas cuyo \u00fanico delito ha sido defender sus propias formas de organizaci\u00f3n al interior de la comunidad, su territorio y los derechos indigenas&nbsp;<\/p>\n\n\n\n<p class=\"p2\">Detall\u00f3 que el 26 de octubre del 2018 fue sentenciado a 50 a\u00f1os de prisi\u00f3n y una reparaci\u00f3n del da\u00f1o por m\u00e1s de 150 mil pesos, acci\u00f3n que fue apelada por su defensa y despu\u00e9s de ocho meses se emiti\u00f3 una sentencia en la que se ordena la reposici\u00f3n del procedimiento, incluida una audiencia para este&nbsp;<a href=\"\/\/2\">12 de septiembre<\/a>, despu\u00e9s de la cual se debe emitir una nueva resoluci\u00f3n.<\/p>\n\n\n\n<p class=\"p2\">Por ello familiares, amigos y abogados de Miguel Peralta exhortaron a las autoridades del Poder Judicial para resolver la nueva sentencia conforme a los principios del Sistema de Justicia en Mexico, ponderando el acceso a la justicia que por ley tiene cualquier persona en el pa\u00eds, la cual debe ser pronta, completa, expedita e imparcial.&nbsp;<\/p>\n\n\n\n<p class=\"p2\">Y es que a decir del grupo de activistas el acceso a la justicia ha sido obstaculizado por la intervenci\u00f3n de un grupo caciquil encabezado por la familia Zepeda Lagunas, dentro de ellas la diputada local Elisa Zepeda, a quien incluso acusan de orquestar una campa\u00f1a medi\u00e1tica para criminalizar a las y los integrantes de la Asamblea Comunitaria.<\/p>\n\n\n\n<p class=\"p1\">\u201cSon caciques que ostentan poder econ\u00f3mico y pol\u00edtico en el municipio de Eloxochitl\u00e1n de Flores Mag\u00f3n quienes est\u00e1n detr\u00e1s de esto, es Elisa Zepeda Lagunas integrante de esta familia, &nbsp;la principal denunciante y quien, aprovech\u00e1ndose de su cargo p\u00fablico ha orquestado una campa\u00f1a medi\u00e1tica de desprestigio y criminalizaci\u00f3n hac\u00eda las y los integrantes de la Asamblea Comunitaria de la localidad, falseando las declaraciones y fabricando delitos\u201d, expusieron ante los medios de comunicaci\u00f3n en la Ciudad de M\u00e9xico.&nbsp; &nbsp;<\/p>\n\n\n\n<p class=\"p1\">Reiteraron que las imputaciones en contra de Miguel Peralta fueron debidamente controvertidas y desestimadas por su defensa, adem\u00e1s de que existen resoluciones como antecedentes que demuestran que las acusaciones son gen\u00e9ricas, inconsistentes y contradictorias, sin pruebas para determinar su responsabilidad penal,&nbsp;por lo que insistieron en su liberaci\u00f3n inmediata y el cese de la criminalizaci\u00f3n de la defensa social e ind\u00edgena.<br \/>Enviado desde mi iPhone<\/p>\n\n\n\n<p><\/p>\n","protected":false},"excerpt":{"rendered":"<p>Redacci\u00f3n\/Zona Roja. Oaxaca de Ju\u00e1rez, Oax., 11 de septiembre de 2019:1 Activistas en defensa de&hellip;<\/p>\n","protected":false},"author":2,"featured_media":3866,"comment_status":"closed","ping_status":"open","sticky":false,"template":"","format":"standard","meta":{"_lmt_disableupdate":"","_lmt_disable":"","_jetpack_memberships_contains_paid_content":false,"footnotes":""},"categories":[1],"tags":[],"class_list":["post-3863","post","type-post","status-publish","format-standard","has-post-thumbnail","hentry","category-sin-categoria"],"jetpack_featured_media_url":"https:\/\/zonaroja.com.mx\/wp-content\/uploads\/2019\/09\/img_6946-2.jpg","jetpack_sharing_enabled":true,"_links":{"self":[{"href":"https:\/\/zonaroja.com.mx\/index.php?rest_route=\/wp\/v2\/posts\/3863","targetHints":{"allow":["GET"]}}],"collection":[{"href":"https:\/\/zonaroja.com.mx\/index.php?rest_route=\/wp\/v2\/posts"}],"about":[{"href":"https:\/\/zonaroja.com.mx\/index.php?rest_route=\/wp\/v2\/types\/post"}],"author":[{"embeddable":true,"href":"https:\/\/zonaroja.com.mx\/index.php?rest_route=\/wp\/v2\/users\/2"}],"replies":[{"embeddable":true,"href":"https:\/\/zonaroja.com.mx\/index.php?rest_route=%2Fwp%2Fv2%2Fcomments&post=3863"}],"version-history":[{"count":1,"href":"https:\/\/zonaroja.com.mx\/index.php?rest_route=\/wp\/v2\/posts\/3863\/revisions"}],"predecessor-version":[{"id":3864,"href":"https:\/\/zonaroja.com.mx\/index.php?rest_route=\/wp\/v2\/posts\/3863\/revisions\/3864"}],"wp:featuredmedia":[{"embeddable":true,"href":"https:\/\/zonaroja.com.mx\/index.php?rest_route=\/wp\/v2\/media\/3866"}],"wp:attachment":[{"href":"https:\/\/zonaroja.com.mx\/index.php?rest_route=%2Fwp%2Fv2%2Fmedia&parent=3863"}],"wp:term":[{"taxonomy":"category","embeddable":true,"href":"https:\/\/zonaroja.com.mx\/index.php?rest_route=%2Fwp%2Fv2%2Fcategories&post=3863"},{"taxonomy":"post_tag","embeddable":true,"href":"https:\/\/zonaroja.com.mx\/index.php?rest_route=%2Fwp%2Fv2%2Ftags&post=3863"}],"curies":[{"name":"wp","href":"https:\/\/api.w.org\/{rel}","templated":true}]}}