{"id":38638,"date":"2022-03-11T15:32:35","date_gmt":"2022-03-11T21:32:35","guid":{"rendered":"http:\/\/www.zonaroja.com.mx\/?p=38638"},"modified":"2022-03-11T15:32:37","modified_gmt":"2022-03-11T21:32:37","slug":"desmiente-supuesto-brigadista-de-xoxocotlan-a-tania-lopez-sobre-ataque-en-campana","status":"publish","type":"post","link":"https:\/\/zonaroja.com.mx\/?p=38638","title":{"rendered":"Desmiente supuesto \u201cbrigadista\u201d de Xoxocotl\u00e1n a Tania L\u00f3pez sobre ataque en campa\u00f1a"},"content":{"rendered":"\n<p>Yuridiana Sosa\/Zona Roja.<\/p>\n\n\n\n<p>Oaxaca de Ju\u00e1rez, Oax., 11 de marzo de 2022.- Una de las personas lesionadas en el supuesto ataque contra Tania L\u00f3pez, de Morena, en su arranque de campa\u00f1a para presidenta municipal de Santa Cruz Xoxocotl\u00e1n, desminti\u00f3 ser parte del equipo de brigadistas de dicho partido y que sus lesiones sean producto de esa violencia.<\/p>\n\n\n\n<p>Tras la utilizaci\u00f3n de sus im\u00e1genes por parte de Tania L\u00f3pez cuando estaba lesionado y con manchas de sangre, el joven de oficio herrero, V\u00edctor Samuel Barrag\u00e1n, aclar\u00f3 que \u00e9l no estuvo presente en el evento del arranque de campa\u00f1a en la agencia de Esquipulas la tarde noche del pasado 9 de marzo.<\/p>\n\n\n\n<p>Apunt\u00f3 que se encontraba en otra direcci\u00f3n y que la agresi\u00f3n que sufri\u00f3 esa misma noche fue producto de un problema particular, en nada relacionado a temas partidistas.<\/p>\n\n\n\n<figure class=\"wp-block-embed is-type-rich is-provider-twitter wp-block-embed-twitter\"><div class=\"wp-block-embed__wrapper\">\n<div class=\"twitter-tweet\"><blockquote class=\"twitter-tweet\" data-lang=\"es\"><p lang=\"es\" dir=\"ltr\">El j\u00f3ven que supuestamente fue atacado en <a href=\"https:\/\/twitter.com\/hashtag\/Xocotl%C3%A1n?src=hash&amp;ref_src=twsrc%5Etfw\">#Xocotl\u00e1n<\/a> ayer en el inicio de campa\u00f1as pol\u00edticas, rechaza formar parte de brigada de <a href=\"https:\/\/twitter.com\/TaniaLopezXoxo?ref_src=twsrc%5Etfw\">@TaniaLopezXoxo<\/a>, candidata a edil. <br>V\u00edctor Samuel Barrag\u00e1n afirma no pertenecer a ning\u00fan partido y que el ataque iba contra \u00e9l,por conflicto particular. <a href=\"https:\/\/t.co\/p9Pq3p1Ae6\">pic.twitter.com\/p9Pq3p1Ae6<\/a><\/p>&mdash; Zona Roja Oaxaca (@ZonaRoja_Oaxaca) <a href=\"https:\/\/twitter.com\/ZonaRoja_Oaxaca\/status\/1502127140388626435?ref_src=twsrc%5Etfw\">11 de marzo de 2022<\/a><\/blockquote><\/div>\n<\/div><\/figure>\n\n\n\n<p>Por lo que aclar\u00f3 que no pertenece al equipo de L\u00f3pez L\u00f3pez ni forma parte de ning\u00fan otro partido pol\u00edtico, as\u00ed como tampoco por esta supuesta agresi\u00f3n como brigadista ha tenido contacto con la candidata.<\/p>\n\n\n\n<p>Por la ma\u00f1ana de este jueves, la aspirante a gobernar Xoxocotl\u00e1n ofreci\u00f3 una conferencia de prensa para se\u00f1alar que los ataques son un acto de violencia pol\u00edtica por raz\u00f3n de g\u00e9nero, del que result\u00f3 ilesa pero al menos tres brigadistas de su equipo resultaron lesionados por la explosi\u00f3n de un petardo con esquirlas.<\/p>\n\n\n\n<p>No obstante, de acuerdo con versiones de los propios habitantes de la agencia de Esquipulas, se trat\u00f3 de un mal manejo de artefactos de pirotecnia y nada ten\u00eda que ver con un ataque relacionado con actividades proselitistas.<\/p>\n","protected":false},"excerpt":{"rendered":"<p>Yuridiana Sosa\/Zona Roja. Oaxaca de Ju\u00e1rez, Oax., 11 de marzo de 2022.- Una de las&hellip;<\/p>\n","protected":false},"author":2,"featured_media":38634,"comment_status":"closed","ping_status":"open","sticky":false,"template":"","format":"standard","meta":{"_lmt_disableupdate":"","_lmt_disable":"","_jetpack_memberships_contains_paid_content":false,"footnotes":""},"categories":[109,47],"tags":[133],"class_list":["post-38638","post","type-post","status-publish","format-standard","has-post-thumbnail","hentry","category-minuto-a-minuto","category-zona-gris","tag-santa-cruz-xoxocotlan"],"jetpack_featured_media_url":"https:\/\/zonaroja.com.mx\/wp-content\/uploads\/2022\/03\/Lesionado-Xoxocotlan.jpg","jetpack_sharing_enabled":true,"_links":{"self":[{"href":"https:\/\/zonaroja.com.mx\/index.php?rest_route=\/wp\/v2\/posts\/38638","targetHints":{"allow":["GET"]}}],"collection":[{"href":"https:\/\/zonaroja.com.mx\/index.php?rest_route=\/wp\/v2\/posts"}],"about":[{"href":"https:\/\/zonaroja.com.mx\/index.php?rest_route=\/wp\/v2\/types\/post"}],"author":[{"embeddable":true,"href":"https:\/\/zonaroja.com.mx\/index.php?rest_route=\/wp\/v2\/users\/2"}],"replies":[{"embeddable":true,"href":"https:\/\/zonaroja.com.mx\/index.php?rest_route=%2Fwp%2Fv2%2Fcomments&post=38638"}],"version-history":[{"count":1,"href":"https:\/\/zonaroja.com.mx\/index.php?rest_route=\/wp\/v2\/posts\/38638\/revisions"}],"predecessor-version":[{"id":38639,"href":"https:\/\/zonaroja.com.mx\/index.php?rest_route=\/wp\/v2\/posts\/38638\/revisions\/38639"}],"wp:featuredmedia":[{"embeddable":true,"href":"https:\/\/zonaroja.com.mx\/index.php?rest_route=\/wp\/v2\/media\/38634"}],"wp:attachment":[{"href":"https:\/\/zonaroja.com.mx\/index.php?rest_route=%2Fwp%2Fv2%2Fmedia&parent=38638"}],"wp:term":[{"taxonomy":"category","embeddable":true,"href":"https:\/\/zonaroja.com.mx\/index.php?rest_route=%2Fwp%2Fv2%2Fcategories&post=38638"},{"taxonomy":"post_tag","embeddable":true,"href":"https:\/\/zonaroja.com.mx\/index.php?rest_route=%2Fwp%2Fv2%2Ftags&post=38638"}],"curies":[{"name":"wp","href":"https:\/\/api.w.org\/{rel}","templated":true}]}}