{"id":38640,"date":"2022-03-11T17:35:27","date_gmt":"2022-03-11T23:35:27","guid":{"rendered":"https:\/\/www.zonaroja.com.mx\/?p=38640"},"modified":"2022-03-11T17:35:30","modified_gmt":"2022-03-11T23:35:30","slug":"apatia-de-edil-de-zaachila-empeora-conflicto-municipal-y-afecta-a-la-capital","status":"publish","type":"post","link":"https:\/\/zonaroja.com.mx\/?p=38640","title":{"rendered":"Apat\u00eda de edil de Zaachila empeora conflicto municipal y afecta a la capital"},"content":{"rendered":"\n<p>Yuridiana Sosa\/Zona Roja.<\/p>\n\n\n\n<p>Oaxaca de Ju\u00e1rez, Oax., 11 de marzo de 2022.- Ante la falta de soluci\u00f3n a sus demandas, pobladores de la agencia Vicente Guerrero de Villa de Zaachila \u201ctomaron\u201d el palacio municipal, bloquearon la carretera federal 175 y mantienen cerrado el basurero, en el que la capital y otros municipios conurbados depositan sus desechos. <\/p>\n\n\n\n<p>Desde este jueves, los manifestantes comenzaron con movilizaciones para exigir la entrega de recursos del ramo 28, ramo 33 fondo III y IV, pero al no contar con respuestas, este viernes incrementaron su protesta con la \u201ctoma\u201d del inmueble municipal. <\/p>\n\n\n\n<p>Sin embargo, mientras el edil Rigoberto Chac\u00f3n, de Morena, dilata en una atenci\u00f3n a los pobladores, el cierre carretero afecta a miles de ciudadanos y viajeros, as\u00ed como la \u201ctoma\u201d del basurero municipal perjudica a otros municipios de los Valles Centrales, entre ellos Oaxaca de Ju\u00e1rez, Santa Luc\u00eda del Camino y Santa Cruz Xoxocotl\u00e1n, por mencionar los m\u00e1s grandes.<\/p>\n\n\n\n<p>En la capital, las calles lucen atiborradas de basura a pesar que las autoridades advierten de la suspensi\u00f3n del servicio; son vecinos, locatarios y transe\u00fantes, los que a cada momento suman basura en las distintas esquinas.<\/p>\n\n\n\n<p>Pero es en el punto conocido como la rampa en la Central de Abasto de Oaxaca donde con s\u00f3lo dos d\u00edas de suspensi\u00f3n del servicio se ha formado una inmensa monta\u00f1a de desechos.<\/p>\n\n\n\n<p>No obstante, el edil de Zaachila solo atina a responsabilizar a las autoridades auxiliares de la agencia de Vicente Guerrero no aclarar datos arrojados por el censo del INEGI, pues les quita la categor\u00eda de agencia al contabilizar ocho mil habitantes, lo que representar\u00eda el 18 por ciento de la poblaci\u00f3n total de este municipio.<\/p>\n\n\n\n<p>En tanto,  el cabildo aprob\u00f3 otorgar a la agencia un recurso de 130 mil pesos, pero no as\u00ed dinero para las funciones de siete integrantes del comit\u00e9 de la agencia.<\/p>\n","protected":false},"excerpt":{"rendered":"<p>Yuridiana Sosa\/Zona Roja. Oaxaca de Ju\u00e1rez, Oax., 11 de marzo de 2022.- Ante la falta&hellip;<\/p>\n","protected":false},"author":2,"featured_media":38635,"comment_status":"closed","ping_status":"open","sticky":false,"template":"","format":"standard","meta":{"_lmt_disableupdate":"","_lmt_disable":"","_jetpack_memberships_contains_paid_content":false,"footnotes":""},"categories":[109,47],"tags":[],"class_list":["post-38640","post","type-post","status-publish","format-standard","has-post-thumbnail","hentry","category-minuto-a-minuto","category-zona-gris"],"jetpack_featured_media_url":"https:\/\/zonaroja.com.mx\/wp-content\/uploads\/2022\/03\/Palacio-tomado-Zaachila-Vicente-Guerrero.jpg","jetpack_sharing_enabled":true,"_links":{"self":[{"href":"https:\/\/zonaroja.com.mx\/index.php?rest_route=\/wp\/v2\/posts\/38640","targetHints":{"allow":["GET"]}}],"collection":[{"href":"https:\/\/zonaroja.com.mx\/index.php?rest_route=\/wp\/v2\/posts"}],"about":[{"href":"https:\/\/zonaroja.com.mx\/index.php?rest_route=\/wp\/v2\/types\/post"}],"author":[{"embeddable":true,"href":"https:\/\/zonaroja.com.mx\/index.php?rest_route=\/wp\/v2\/users\/2"}],"replies":[{"embeddable":true,"href":"https:\/\/zonaroja.com.mx\/index.php?rest_route=%2Fwp%2Fv2%2Fcomments&post=38640"}],"version-history":[{"count":1,"href":"https:\/\/zonaroja.com.mx\/index.php?rest_route=\/wp\/v2\/posts\/38640\/revisions"}],"predecessor-version":[{"id":38641,"href":"https:\/\/zonaroja.com.mx\/index.php?rest_route=\/wp\/v2\/posts\/38640\/revisions\/38641"}],"wp:featuredmedia":[{"embeddable":true,"href":"https:\/\/zonaroja.com.mx\/index.php?rest_route=\/wp\/v2\/media\/38635"}],"wp:attachment":[{"href":"https:\/\/zonaroja.com.mx\/index.php?rest_route=%2Fwp%2Fv2%2Fmedia&parent=38640"}],"wp:term":[{"taxonomy":"category","embeddable":true,"href":"https:\/\/zonaroja.com.mx\/index.php?rest_route=%2Fwp%2Fv2%2Fcategories&post=38640"},{"taxonomy":"post_tag","embeddable":true,"href":"https:\/\/zonaroja.com.mx\/index.php?rest_route=%2Fwp%2Fv2%2Ftags&post=38640"}],"curies":[{"name":"wp","href":"https:\/\/api.w.org\/{rel}","templated":true}]}}