{"id":38676,"date":"2022-03-11T22:39:00","date_gmt":"2022-03-12T04:39:00","guid":{"rendered":"http:\/\/www.zonaroja.com.mx\/?p=38676"},"modified":"2022-03-12T18:43:48","modified_gmt":"2022-03-13T00:43:48","slug":"alarma-ola-criminal-en-oaxaca-9-asesinados-en-24-horas","status":"publish","type":"post","link":"https:\/\/zonaroja.com.mx\/?p=38676","title":{"rendered":"Alarma ola criminal en Oaxaca: 9 asesinados en 24 horas"},"content":{"rendered":"\n<p>Ismael Garc\u00eda M.\/Zona Roja.<\/p>\n\n\n\n<p>Oaxaca de Ju\u00e1rez, Oax., 11 de marzo de 2022.- La ola criminal crece en Oaxaca y en 24 horas, el saldo preliminar es de nueve personas asesinada, cinco de ellas este viernes y cuatro ayer jueves, entre ellas una mujer. <\/p>\n\n\n\n<p>Esta noche en la calle Fresnos de la colonia Monte Bello, de Santa Cruz Xoxocotl\u00e1n, municipio conurbado a la capital, fueron ejecutados dos individuos, en el interior de una camioneta marca Jeep, tipo Cheroke.<\/p>\n\n\n\n<p>La tarde de hoy, el tesorero de Sitio de Xitlapehua, municipio de la regi\u00f3n Sierra Sur del estado, fue ultimado a balazos, mientras que su acompa\u00f1ante result\u00f3 lesionado.<\/p>\n\n\n\n<p>Horas antes en Santo Domingo Tehuantepec, regi\u00f3n del Istmo, fue asesinado Eugenio G. L., de 72 a\u00f1os de edad, en el exterior de la catedral de Santo Domingo Tehuantepec, Oaxaca.<\/p>\n\n\n\n<figure class=\"wp-block-embed is-type-rich is-provider-twitter wp-block-embed-twitter\"><div class=\"wp-block-embed__wrapper\">\n<div class=\"twitter-tweet\"><blockquote class=\"twitter-tweet\" data-lang=\"es\"><p lang=\"es\" dir=\"ltr\">Una de las v\u00edctimas del doble crimen perpetrado anoche en Santa Cruz <a href=\"https:\/\/twitter.com\/hashtag\/Xoxocotl%C3%A1n?src=hash&amp;ref_src=twsrc%5Etfw\">#Xoxocotl\u00e1n<\/a>, fue identificada de manera preliminar como Valent\u00edn Z. C., comerciante de la Central de Abasto de la ciudad de <a href=\"https:\/\/twitter.com\/hashtag\/Oaxaca?src=hash&amp;ref_src=twsrc%5Etfw\">#Oaxaca<\/a>, y el otro su ayudante Ra\u00fal.<br>M\u00e1s informaci\u00f3n: <a href=\"https:\/\/t.co\/EL9JBXAkUV\">pic.twitter.com\/EL9JBXAkUV<\/a><\/p>&mdash; Zona Roja Oaxaca (@ZonaRoja_Oaxaca) <a href=\"https:\/\/twitter.com\/ZonaRoja_Oaxaca\/status\/1502673168577798148?ref_src=twsrc%5Etfw\">12 de marzo de 2022<\/a><\/blockquote><\/div>\n<\/div><\/figure>\n\n\n\n<p>Uno o varios sujetos armados le dispararon al individuo a un costado de la barda perimetral, tras lo cual se dieron a la fuga.\u00a0<br>Hasta el momento no hay ninguna persona detenida y la v\u00edctima, seg\u00fan se inform\u00f3 de manera preliminar, era originaria de San Blas Atempa, municipio conurbado a Tehuantepec.<\/p>\n\n\n\n<p>Poco antes de ello, en el fraccionamiento El Crucero de Santa Cruz Huatulco, cerca del aeropuerto, conocido tambi\u00e9n como 20 de Noviembre, fue ultimado a balazos el empresario hotelero Tom\u00e1s Mart\u00ednez, en el interior de su vivienda.<\/p>\n\n\n\n<p>Mientras que anoche, en Santiago Pinotepa Nacional, regi\u00f3n Costa, un enfrentamiento entre elementos de la Agencia Estatal de Investigaciones con probables delincuentes dej\u00f3 como saldo dos personas fallecidas y dos lesionadas de bala, una de ellas un mando de la corporaci\u00f3n.<\/p>\n\n\n\n<p>Y en Salina Cruz, regi\u00f3n del Istmo, anoche fue atacada a balazos en su domicilio la se\u00f1ora Agustina A. V., quien muri\u00f3 m\u00e1s tarde en el hospital. En todos los casos las instituciones de seguridad y procuraci\u00f3n de justicia no han dado a conocer detenciones.<\/p>\n","protected":false},"excerpt":{"rendered":"<p>Ismael Garc\u00eda M.\/Zona Roja. Oaxaca de Ju\u00e1rez, Oax., 11 de marzo de 2022.- La ola&hellip;<\/p>\n","protected":false},"author":2,"featured_media":38677,"comment_status":"closed","ping_status":"open","sticky":false,"template":"","format":"standard","meta":{"_lmt_disableupdate":"","_lmt_disable":"","_jetpack_memberships_contains_paid_content":false,"footnotes":""},"categories":[109,51],"tags":[133],"class_list":["post-38676","post","type-post","status-publish","format-standard","has-post-thumbnail","hentry","category-minuto-a-minuto","category-zona-roja","tag-santa-cruz-xoxocotlan"],"jetpack_featured_media_url":"https:\/\/zonaroja.com.mx\/wp-content\/uploads\/2022\/03\/Dos-asesinados-Xoxocotlan.jpg","jetpack_sharing_enabled":true,"_links":{"self":[{"href":"https:\/\/zonaroja.com.mx\/index.php?rest_route=\/wp\/v2\/posts\/38676","targetHints":{"allow":["GET"]}}],"collection":[{"href":"https:\/\/zonaroja.com.mx\/index.php?rest_route=\/wp\/v2\/posts"}],"about":[{"href":"https:\/\/zonaroja.com.mx\/index.php?rest_route=\/wp\/v2\/types\/post"}],"author":[{"embeddable":true,"href":"https:\/\/zonaroja.com.mx\/index.php?rest_route=\/wp\/v2\/users\/2"}],"replies":[{"embeddable":true,"href":"https:\/\/zonaroja.com.mx\/index.php?rest_route=%2Fwp%2Fv2%2Fcomments&post=38676"}],"version-history":[{"count":1,"href":"https:\/\/zonaroja.com.mx\/index.php?rest_route=\/wp\/v2\/posts\/38676\/revisions"}],"predecessor-version":[{"id":38678,"href":"https:\/\/zonaroja.com.mx\/index.php?rest_route=\/wp\/v2\/posts\/38676\/revisions\/38678"}],"wp:featuredmedia":[{"embeddable":true,"href":"https:\/\/zonaroja.com.mx\/index.php?rest_route=\/wp\/v2\/media\/38677"}],"wp:attachment":[{"href":"https:\/\/zonaroja.com.mx\/index.php?rest_route=%2Fwp%2Fv2%2Fmedia&parent=38676"}],"wp:term":[{"taxonomy":"category","embeddable":true,"href":"https:\/\/zonaroja.com.mx\/index.php?rest_route=%2Fwp%2Fv2%2Fcategories&post=38676"},{"taxonomy":"post_tag","embeddable":true,"href":"https:\/\/zonaroja.com.mx\/index.php?rest_route=%2Fwp%2Fv2%2Ftags&post=38676"}],"curies":[{"name":"wp","href":"https:\/\/api.w.org\/{rel}","templated":true}]}}