{"id":3868,"date":"2019-09-11T17:22:38","date_gmt":"2019-09-11T22:22:38","guid":{"rendered":"http:\/\/www.zonaroja.com.mx\/?p=3868"},"modified":"2019-09-11T17:22:40","modified_gmt":"2019-09-11T22:22:40","slug":"el-mejor-homenaje-para-toledo-es-recordar-su-legado-isabel-granen","status":"publish","type":"post","link":"https:\/\/zonaroja.com.mx\/?p=3868","title":{"rendered":"El mejor homenaje para Toledo es recordar su legado: Isabel Gra\u00f1en"},"content":{"rendered":"\n<p>Redacci\u00f3n\/Zona\nRoja.<\/p>\n\n\n\n<p>Oaxaca de\nJu\u00e1rez, Oax., 11 de septiembre de 2019.- La presidenta de la Fundaci\u00f3n Alfredo\nHarp Hel\u00fa, Isabel Gra\u00f1en Porr\u00faa, asegur\u00f3 que Francisco Toledo dej\u00f3 una luz,\nbrillo y belleza que no se apagar\u00e1 en Oaxaca, luego del reciente deceso del\npintor juchitecho, considerado uno de los m\u00e1s grandes a nivel internacional.<\/p>\n\n\n\n<p>Visiblemente\nconmovida, la promotora cultural asegur\u00f3 que las palabras no bastan para\nagradecer todo el aporte que el maestro Toledo dej\u00f3, no solo de forma personal,\nsino colectiva ya que \u00e9l siempre pens\u00f3 en el beneficio de Oaxaca y no de unos cuantos.<\/p>\n\n\n\n<p>\u201cEl homenaje m\u00e1s grande que se le puede hacer es continuar con su legado, recordar esta manera tan espont\u00e1nea de ser jam\u00e1s pensando en s\u00ed mismo, creo que si algo podemos hacer, es aprender de \u00e9l\u201d, refiri\u00f3 ante los medios de comunicaci\u00f3n. <\/p>\n\n\n\n<figure class=\"wp-block-embed-twitter wp-block-embed is-type-rich is-provider-twitter\"><div class=\"wp-block-embed__wrapper\">\n<div class=\"twitter-tweet\"><blockquote class=\"twitter-tweet\" data-lang=\"es\"><p lang=\"es\" dir=\"ltr\">\u201cVas a tener maestro Toledo por muchos a\u00f1os\u201d, dijo el artista pl\u00e1stico a <a href=\"https:\/\/twitter.com\/isabelgporrua?ref_src=twsrc%5Etfw\">@isabelgporrua<\/a> d\u00edas antes de su muerte; el mejor homenaje que le podemos dar es preservar su luz, su legado, coment\u00f3 este mi\u00e9rcoles la representante de la <a href=\"https:\/\/twitter.com\/FundacionAHHO?ref_src=twsrc%5Etfw\">@FundacionAHHO<\/a>. <a href=\"https:\/\/t.co\/r1onTwjbP9\">pic.twitter.com\/r1onTwjbP9<\/a><\/p>&mdash; Zona Roja Oaxaca (@MexRoja) <a href=\"https:\/\/twitter.com\/MexRoja\/status\/1171840064550256640?ref_src=twsrc%5Etfw\">11 de septiembre de 2019<\/a><\/blockquote><\/div>\n<\/div><\/figure>\n\n\n\n<p>Record\u00f3 que\nfue a invitaci\u00f3n del pintor juchiteco que ella lleg\u00f3 a Oaxaca para el rescate y\nrestauraci\u00f3n de libros que ahora forman el acervo de la Biblioteca \u201cFrancisco\nde Burgoa\u201d, enamor\u00e1ndose de la cultura de donde oaxaque\u00f1a de la que ya no quiso\nsepararse m\u00e1s. <\/p>\n\n\n\n<p>\u201cHace unas\nsemanas que hable con \u00e9l me dijo: tendr\u00e1s maestro Toledo por muchos a\u00f1os m\u00e1s, y\nahora que lo pienso es verdad, tengo maestro para lo que me resta de vida y si\nhabr\u00e1 m\u00e1s vida, pues m\u00e1s tendr\u00e9 al maestro Toledo cerca, en sus ense\u00f1anzas\u201d,\ndijo. <\/p>\n\n\n\n<p>Manifest\u00f3\nque le duele mucho su partida, sin embargo, asegur\u00f3 sentirse afortunada de\nhaber estado tan cerca de \u00e9l haciendo equipo para el rescate de espacios que\nhoy son iconos de la cultura en la capital de Oaxaca. <\/p>\n\n\n\n<p>Gra\u00f1\u00e9n\nPorr\u00faa ofreci\u00f3 una conferencia de prensa este mi\u00e9rcoles para dar a conocer el\ndestino de los recursos de la Fundaci\u00f3n Alfredo Harp Hel\u00fa en la reconstrucci\u00f3n\nde inmuebles da\u00f1ados por los sismos de 2017.<\/p>\n","protected":false},"excerpt":{"rendered":"<p>Redacci\u00f3n\/Zona Roja. Oaxaca de Ju\u00e1rez, Oax., 11 de septiembre de 2019.- La presidenta de la&hellip;<\/p>\n","protected":false},"author":2,"featured_media":3869,"comment_status":"closed","ping_status":"open","sticky":false,"template":"","format":"standard","meta":{"_lmt_disableupdate":"","_lmt_disable":"","_jetpack_memberships_contains_paid_content":false,"footnotes":""},"categories":[109,46],"tags":[677,693,694],"class_list":["post-3868","post","type-post","status-publish","format-standard","has-post-thumbnail","hentry","category-minuto-a-minuto","category-zona-blanca","tag-francisco-toledo","tag-fundacion-alfredo-harp-helu","tag-isabel-granen-porrua"],"jetpack_featured_media_url":"https:\/\/zonaroja.com.mx\/wp-content\/uploads\/2019\/09\/IMG_6831.jpg","jetpack_sharing_enabled":true,"_links":{"self":[{"href":"https:\/\/zonaroja.com.mx\/index.php?rest_route=\/wp\/v2\/posts\/3868","targetHints":{"allow":["GET"]}}],"collection":[{"href":"https:\/\/zonaroja.com.mx\/index.php?rest_route=\/wp\/v2\/posts"}],"about":[{"href":"https:\/\/zonaroja.com.mx\/index.php?rest_route=\/wp\/v2\/types\/post"}],"author":[{"embeddable":true,"href":"https:\/\/zonaroja.com.mx\/index.php?rest_route=\/wp\/v2\/users\/2"}],"replies":[{"embeddable":true,"href":"https:\/\/zonaroja.com.mx\/index.php?rest_route=%2Fwp%2Fv2%2Fcomments&post=3868"}],"version-history":[{"count":1,"href":"https:\/\/zonaroja.com.mx\/index.php?rest_route=\/wp\/v2\/posts\/3868\/revisions"}],"predecessor-version":[{"id":3870,"href":"https:\/\/zonaroja.com.mx\/index.php?rest_route=\/wp\/v2\/posts\/3868\/revisions\/3870"}],"wp:featuredmedia":[{"embeddable":true,"href":"https:\/\/zonaroja.com.mx\/index.php?rest_route=\/wp\/v2\/media\/3869"}],"wp:attachment":[{"href":"https:\/\/zonaroja.com.mx\/index.php?rest_route=%2Fwp%2Fv2%2Fmedia&parent=3868"}],"wp:term":[{"taxonomy":"category","embeddable":true,"href":"https:\/\/zonaroja.com.mx\/index.php?rest_route=%2Fwp%2Fv2%2Fcategories&post=3868"},{"taxonomy":"post_tag","embeddable":true,"href":"https:\/\/zonaroja.com.mx\/index.php?rest_route=%2Fwp%2Fv2%2Ftags&post=3868"}],"curies":[{"name":"wp","href":"https:\/\/api.w.org\/{rel}","templated":true}]}}