{"id":38688,"date":"2022-03-13T11:35:00","date_gmt":"2022-03-13T17:35:00","guid":{"rendered":"http:\/\/www.zonaroja.com.mx\/?p=38688"},"modified":"2022-03-13T06:45:00","modified_gmt":"2022-03-13T12:45:00","slug":"violencia-al-extremo-en-un-mes-matan-a-84-personas-en-colima","status":"publish","type":"post","link":"https:\/\/zonaroja.com.mx\/?p=38688","title":{"rendered":"Violencia al extremo: en un mes matan a 84 personas en Colima"},"content":{"rendered":"\n<p>Redacci\u00f3n\/Zona Roja Cdmx.<\/p>\n\n\n\n<p>Ciudad de M\u00e9xico, 13 de marzo de 2022.- La Fiscal\u00eda General del Estado de Colima (FGE) confirm\u00f3 a MILENIO que en el primer mes de esta crisis de violencia extrema, del 7 de febrero al 7 de marzo, se han registrado 84 homicidios dolosos, es decir, pr\u00e1cticamente tres asesinatos cada d\u00eda, en la entidad con menos habitantes del pa\u00eds.&nbsp;<\/p>\n\n\n\n<p>Conteos no oficiales suman en este periodo la localizaci\u00f3n de m\u00e1s de una docena de bolsas con restos humanos y de m\u00e1s de 25 mantas o cartulinas con mensajes amenazantes; adem\u00e1s, cuentan 30 personas heridas y da\u00f1os por balaceras en casas y autom\u00f3viles.&nbsp;<\/p>\n\n\n\n<p>De acuerdo con MILENIO, de confirmarse la cifra de v\u00edctimas reportadas por la fiscal\u00eda, esta se ubicar\u00eda como una de las m\u00e1s altas en la historia de la entidad, que arrojar\u00eda una tasa de 10.4 asesinatos por cada 100 mil habitantes; este aumento se marcar\u00eda luego de que en enero las cifras federales para el estado reportaron una tasa de 6.4 muertes violentas.&nbsp;<\/p>\n\n\n\n<p>Adem\u00e1s, la tasa de asesinatos en la entidad registrar\u00eda su mayor \u00edndice en los \u00faltimos cuatro a\u00f1os, pues en diciembre de 2017 las autoridades de seguridad reportaron 12.8 v\u00edctimas de homicidio doloso.&nbsp;<\/p>\n\n\n\n<p>El aumento en estos delitos de alto impacto trastoc\u00f3 completamente la vida de los colimenses, modificando, por ejemplo, la hora de inicio de actividades acad\u00e9micas en la universidad estatal y los horarios de trabajo en empresas locales, como restaurantes y bares, expone la investigaci\u00f3n de MILENIO.&nbsp;<\/p>\n\n\n\n<p>En los peores momentos de esta ola de inseguridad, la Universidad de Colima suspendi\u00f3 labores durante dos jornadas y diversas empresas cerraron para no poner en peligro a clientes y colaboradores. Pero adem\u00e1s aument\u00f3 la comisi\u00f3n de delitos comunes hasta en un cien por ciento, de acuerdo con informaci\u00f3n de la Fiscal\u00eda: se han registrado 35 casos de extorsi\u00f3n, 129 robos de veh\u00edculos, 145 robos a casa habitaci\u00f3n y 75 robos a comercios.&nbsp;<\/p>\n\n\n\n<p>Seg\u00fan datos del Secretariado Ejecutivo del Sistema Nacional de Seguridad P\u00fablica, Colima tiene el primer lugar nacional en la incidencia de homicidios dolosos por cada 100 mil habitantes.&nbsp;<\/p>\n\n\n\n<p>La escalada de violencia en Colima inici\u00f3 el pasado 25 de enero, cuando un grupo de internos del Centro de Reinserci\u00f3n Social se enfrentaron entre ellos dejando un saldo nueve personas asesinadas y seis m\u00e1s lesionadas.&nbsp;<\/p>\n\n\n\n<p>Dos semanas despu\u00e9s, el enfrentamiento se traslad\u00f3 a las calles de Colima. El pasado 7 de febrero se inici\u00f3 una batalla campal entre organizaciones delictivas que antes eran aliadas: el Cartel Jalisco Nueva Generaci\u00f3n y un cartel independiente local, identificado como Los Mezcales.&nbsp;<\/p>\n\n\n\n<p>Seg\u00fan detalla MILENIO, as\u00ed lo confirm\u00f3 d\u00edas despu\u00e9s la gobernadora Indira Vizca\u00edno Silva. \u201cEn recientes fechas se han dado una serie de enfrentamientos entre, al menos, dos organizaciones criminales. Grupos que, seg\u00fan informaci\u00f3n de inteligencia, hasta hace poco eran aliados, y han comenzado una disputa interna\u201d.&nbsp;<\/p>\n\n\n\n<p>El 25 de febrero, el presidente Andr\u00e9s Manuel L\u00f3pez Obrador visit\u00f3 el estado \u201cpara apoyar, respaldar al gobierno de Colima y desde luego, garantizar la seguridad de la poblaci\u00f3n por actos de violencia de la llamada delincuencia organizada\u201d. Producto de la operaci\u00f3n para resguardar la entidad, hay m\u00e1s de 6 mil elementos de las fuerzas federales desplegadas en el territorio de 10 municipios.&nbsp;<\/p>\n\n\n\n<p>(Informaci\u00f3n de \u201cMilenio\u00bb<\/p>\n\n\n\n<figure class=\"wp-block-embed\"><div class=\"wp-block-embed__wrapper\">\nhttps:\/\/www.milenio.com\/policia\/colima-fiscalia-confirma-84-asesinatos-mes\n<\/div><\/figure>\n","protected":false},"excerpt":{"rendered":"<p>Redacci\u00f3n\/Zona Roja Cdmx. Ciudad de M\u00e9xico, 13 de marzo de 2022.- La Fiscal\u00eda General del&hellip;<\/p>\n","protected":false},"author":2,"featured_media":38689,"comment_status":"closed","ping_status":"open","sticky":false,"template":"","format":"standard","meta":{"_lmt_disableupdate":"","_lmt_disable":"","_jetpack_memberships_contains_paid_content":false,"footnotes":""},"categories":[109,51],"tags":[3065],"class_list":["post-38688","post","type-post","status-publish","format-standard","has-post-thumbnail","hentry","category-minuto-a-minuto","category-zona-roja","tag-violencia-colima"],"jetpack_featured_media_url":"https:\/\/zonaroja.com.mx\/wp-content\/uploads\/2022\/03\/Estado-de-Colima.jpeg","jetpack_sharing_enabled":true,"_links":{"self":[{"href":"https:\/\/zonaroja.com.mx\/index.php?rest_route=\/wp\/v2\/posts\/38688","targetHints":{"allow":["GET"]}}],"collection":[{"href":"https:\/\/zonaroja.com.mx\/index.php?rest_route=\/wp\/v2\/posts"}],"about":[{"href":"https:\/\/zonaroja.com.mx\/index.php?rest_route=\/wp\/v2\/types\/post"}],"author":[{"embeddable":true,"href":"https:\/\/zonaroja.com.mx\/index.php?rest_route=\/wp\/v2\/users\/2"}],"replies":[{"embeddable":true,"href":"https:\/\/zonaroja.com.mx\/index.php?rest_route=%2Fwp%2Fv2%2Fcomments&post=38688"}],"version-history":[{"count":1,"href":"https:\/\/zonaroja.com.mx\/index.php?rest_route=\/wp\/v2\/posts\/38688\/revisions"}],"predecessor-version":[{"id":38690,"href":"https:\/\/zonaroja.com.mx\/index.php?rest_route=\/wp\/v2\/posts\/38688\/revisions\/38690"}],"wp:featuredmedia":[{"embeddable":true,"href":"https:\/\/zonaroja.com.mx\/index.php?rest_route=\/wp\/v2\/media\/38689"}],"wp:attachment":[{"href":"https:\/\/zonaroja.com.mx\/index.php?rest_route=%2Fwp%2Fv2%2Fmedia&parent=38688"}],"wp:term":[{"taxonomy":"category","embeddable":true,"href":"https:\/\/zonaroja.com.mx\/index.php?rest_route=%2Fwp%2Fv2%2Fcategories&post=38688"},{"taxonomy":"post_tag","embeddable":true,"href":"https:\/\/zonaroja.com.mx\/index.php?rest_route=%2Fwp%2Fv2%2Ftags&post=38688"}],"curies":[{"name":"wp","href":"https:\/\/api.w.org\/{rel}","templated":true}]}}