{"id":38694,"date":"2022-03-13T07:58:09","date_gmt":"2022-03-13T13:58:09","guid":{"rendered":"http:\/\/www.zonaroja.com.mx\/?p=38694"},"modified":"2022-03-13T07:58:11","modified_gmt":"2022-03-13T13:58:11","slug":"convoca-la-uabjo-a-trabajadores-a-regresar-a-laborar-ya-iniciaron-clases-presenciales","status":"publish","type":"post","link":"https:\/\/zonaroja.com.mx\/?p=38694","title":{"rendered":"Convoca la UABJO a trabajadores a regresar a laborar; ya iniciaron clases presenciales"},"content":{"rendered":"\n<p>Ismael Garc\u00eda M.\/Zona Roja.<\/p>\n\n\n\n<p>Oaxaca de Ju\u00e1rez, Oax., 13 de marzo de 2022.- La rector\u00eda de la Universidad Aut\u00f3noma \u201cBenito Ju\u00e1rez\u201d de Oaxaca convoc\u00f3 a trabajadores de todas las \u00e1rea a regresar a labores presenciales, a partir de este lunes 14 de marzo.<\/p>\n\n\n\n<p>En un documento signado por el rector Eduardo Bautista Mart\u00ednez, dirigidos a los representantes de los sindicatos, argument\u00f3 que la entidad oaxaque\u00f1a se encuentra de nuevo en sem\u00e1foro epidemiol\u00f3gico verde por Covid-19 desde el pasado 4 de marzo.<\/p>\n\n\n\n<p>Adem\u00e1s, ya ha sido aplicada la dosis de refuerzo contra el virus a todos los trabajadores administrativos y docentes de la instituci\u00f3n.<\/p>\n\n\n\n<p>Por ello, instruy\u00f3 a que a trav\u00e9s de Aristeo Segura Salvador, enlace de la Comisi\u00f3n T\u00e9cnica de Medidas de Salud de la Universidad, se realicen las acciones necesarias para que a m\u00e1s tardar este 14 de marzo se d\u00e9 el retorno del personal a las actividades presenciales, tanto en las \u00e1reas administrativas como en las unidades acad\u00e9micas de nivel medio superior y superior.<\/p>\n\n\n\n<p>Cabe mencionar que desde hace al menos dos semanas, en distintas escuelas y facultades ha comenzado el retorno gradual a clases presenciales, sin que se hayan presentado hasta el momento contagios.<\/p>\n","protected":false},"excerpt":{"rendered":"<p>Ismael Garc\u00eda M.\/Zona Roja. Oaxaca de Ju\u00e1rez, Oax., 13 de marzo de 2022.- La rector\u00eda&hellip;<\/p>\n","protected":false},"author":2,"featured_media":18934,"comment_status":"closed","ping_status":"open","sticky":false,"template":"","format":"standard","meta":{"_lmt_disableupdate":"","_lmt_disable":"","_jetpack_memberships_contains_paid_content":false,"footnotes":""},"categories":[109,46],"tags":[360],"class_list":["post-38694","post","type-post","status-publish","format-standard","has-post-thumbnail","hentry","category-minuto-a-minuto","category-zona-blanca","tag-rector-eduardo-bautista-martinez"],"jetpack_featured_media_url":"https:\/\/zonaroja.com.mx\/wp-content\/uploads\/2020\/10\/UABJO-ciudad-Universitaria.jpg","jetpack_sharing_enabled":true,"_links":{"self":[{"href":"https:\/\/zonaroja.com.mx\/index.php?rest_route=\/wp\/v2\/posts\/38694","targetHints":{"allow":["GET"]}}],"collection":[{"href":"https:\/\/zonaroja.com.mx\/index.php?rest_route=\/wp\/v2\/posts"}],"about":[{"href":"https:\/\/zonaroja.com.mx\/index.php?rest_route=\/wp\/v2\/types\/post"}],"author":[{"embeddable":true,"href":"https:\/\/zonaroja.com.mx\/index.php?rest_route=\/wp\/v2\/users\/2"}],"replies":[{"embeddable":true,"href":"https:\/\/zonaroja.com.mx\/index.php?rest_route=%2Fwp%2Fv2%2Fcomments&post=38694"}],"version-history":[{"count":1,"href":"https:\/\/zonaroja.com.mx\/index.php?rest_route=\/wp\/v2\/posts\/38694\/revisions"}],"predecessor-version":[{"id":38695,"href":"https:\/\/zonaroja.com.mx\/index.php?rest_route=\/wp\/v2\/posts\/38694\/revisions\/38695"}],"wp:featuredmedia":[{"embeddable":true,"href":"https:\/\/zonaroja.com.mx\/index.php?rest_route=\/wp\/v2\/media\/18934"}],"wp:attachment":[{"href":"https:\/\/zonaroja.com.mx\/index.php?rest_route=%2Fwp%2Fv2%2Fmedia&parent=38694"}],"wp:term":[{"taxonomy":"category","embeddable":true,"href":"https:\/\/zonaroja.com.mx\/index.php?rest_route=%2Fwp%2Fv2%2Fcategories&post=38694"},{"taxonomy":"post_tag","embeddable":true,"href":"https:\/\/zonaroja.com.mx\/index.php?rest_route=%2Fwp%2Fv2%2Ftags&post=38694"}],"curies":[{"name":"wp","href":"https:\/\/api.w.org\/{rel}","templated":true}]}}